{"id":7472,"date":"2018-12-17T09:40:13","date_gmt":"2018-12-17T11:40:13","guid":{"rendered":"https:\/\/wp.ufpel.edu.br\/prae\/?p=7472"},"modified":"2018-12-17T09:40:13","modified_gmt":"2018-12-17T11:40:13","slug":"funcionamento-do-restaurante-universitario-no-recesso-e-ferias-academicas","status":"publish","type":"post","link":"https:\/\/wp.ufpel.edu.br\/prae\/2018\/12\/17\/funcionamento-do-restaurante-universitario-no-recesso-e-ferias-academicas\/","title":{"rendered":"Funcionamento do Restaurante Universit\u00e1rio no recesso e f\u00e9rias acad\u00eamicas"},"content":{"rendered":"<p style=\"text-align: justify\"><strong>A Pr\u00f3-reitora de Assuntos Estudantis informa sobre a din\u00e2mica de funcionamento dos Restaurantes Universit\u00e1rios a partir do dia 24\/12\/2018 at\u00e9 o dia 05\/03\/2019, correspondente ao per\u00edodo de recesso e f\u00e9rias acad\u00eamicas:<\/strong><\/p>\n<p style=\"text-align: justify\"><strong>Caf\u00e9 da manh\u00e3 &#8211; RU da Rua General Telles (antiga CEU): N\u00e3o haver\u00e1 altera\u00e7\u00e3o nos hor\u00e1rios de atendimento<\/strong><\/p>\n<p style=\"text-align: justify\">&#8211; De segunda a sexta-feira, das 07:00h \u00e0s 08:00h (Somente para bolsistas);<\/p>\n<p style=\"text-align: justify\">&#8211; Finais de semana e Feriados das 8:30h \u00e0s 09:30h (Somente para bolsistas).<\/p>\n<p style=\"text-align: justify\"><strong>Excepcionalmente nos dias 24, 25, 31\/12 e 01\/01, n\u00e3o haver\u00e1 oferta de caf\u00e9 da manh\u00e3. Informa\u00e7\u00f5es sobre a retirada de alimentos para o per\u00edodo ser\u00e3o divulgadas posteriormente.<\/strong><\/p>\n<p style=\"text-align: justify\"><strong>Almo\u00e7o e Jantar de segunda a sexta- feira (inclusive feriados) &#8211; RU da Rua Santa Cruz <\/strong><\/p>\n<p style=\"text-align: justify\">Almo\u00e7o-11:30h \u00e0s 13:00h<\/p>\n<p style=\"text-align: justify\">Jantar- 18:30h \u00e0s 19:30h<\/p>\n<p style=\"text-align: justify\"><strong>Almo\u00e7o e Jantar aos s\u00e1bados e domingos &#8211; RU da Rua General Telles (antiga CEU)<\/strong><\/p>\n<p style=\"text-align: justify\">Almo\u00e7o -11:30h \u00e0s 13:00h<\/p>\n<p style=\"text-align: justify\">Jantar- 18:30h \u00e0s 19:30h<\/p>\n<p style=\"text-align: justify\">A redu\u00e7\u00e3o de hor\u00e1rio deve-se ao baixo n\u00famero de comensais neste per\u00edodo, bem como ao tempo em que o alimento fica \u00e0 disposi\u00e7\u00e3o nos <em>buffets<\/em>.<\/p>\n<p style=\"text-align: justify\"><strong>Excepcionalmente nos dias 24, 25, 31\/12 e 01\/01, o RU atender\u00e1 apenas aos bolsistas do Programa Aux\u00edlio Alimenta\u00e7\u00e3o, modalidade Integral.<\/strong><\/p>\n<p style=\"text-align: justify\">\n<p style=\"text-align: center\"><strong>PROGRAMA AUX\u00cdLIO ALIMENTA\u00c7\u00c3O NO PER\u00cdODO DE RECESSO E F\u00c9RIAS<\/strong><\/p>\n<p style=\"text-align: justify\"><strong>RECESSO DE FINAL DE ANO E F\u00c9RIAS ACAD\u00caMICAS<\/strong><\/p>\n<p style=\"text-align: justify\">Entre os dias 24 de dezembro de 2018 e 05 de mar\u00e7o de 2019, o RU ter\u00e1 acesso restrito \u00e0s seguintes situa\u00e7\u00f5es:<\/p>\n<p style=\"text-align: justify\">&#8211; Bolsistas do Programa Aux\u00edlio Alimenta\u00e7\u00e3o, modalidade Integral, que fizeram a solicita\u00e7\u00e3o de perman\u00eancia no benef\u00edcio para o per\u00edodo;<\/p>\n<p style=\"text-align: justify\">&#8211; Bolsistas do Programa Aux\u00edlio Alimenta\u00e7\u00e3o, modalidade Parcial, e estudantes pagantes: mediante apresenta\u00e7\u00e3o do comprovante da atividade acad\u00eamica na portaria do RU, sem necessidade de solicitar \u00e0 PRAE;<\/p>\n<p style=\"text-align: justify\">&#8211; Alunos da P\u00f3s-Gradua\u00e7\u00e3o: mediante apresenta\u00e7\u00e3o do atestado de matr\u00edcula\/atividade na portaria do RU, sem necessidade de solicitar \u00e0 PRAE.<\/p>\n<p style=\"text-align: justify\">&#8211; N\u00e3o haver\u00e1 venda de tickets para os dias 24, 25, 31\/12 e 01\/01.<\/p>\n","protected":false},"excerpt":{"rendered":"<p>A Pr\u00f3-reitora de Assuntos Estudantis informa sobre a din\u00e2mica de funcionamento dos Restaurantes Universit\u00e1rios a partir do dia 24\/12\/2018 at\u00e9 o dia 05\/03\/2019, correspondente ao per\u00edodo de recesso e f\u00e9rias acad\u00eamicas: Caf\u00e9 da manh\u00e3 &#8211; RU da Rua General Telles (antiga CEU): N\u00e3o haver\u00e1 altera\u00e7\u00e3o nos hor\u00e1rios de atendimento &#8211; De segunda a sexta-feira, das &hellip; <\/p>\n<p class=\"link-more\"><a href=\"https:\/\/wp.ufpel.edu.br\/prae\/2018\/12\/17\/funcionamento-do-restaurante-universitario-no-recesso-e-ferias-academicas\/\" class=\"more-link\">Continue lendo<span class=\"screen-reader-text\"> &#8220;Funcionamento do Restaurante Universit\u00e1rio no recesso e f\u00e9rias acad\u00eamicas&#8221;<\/span><\/a><\/p>\n","protected":false},"author":229,"featured_media":0,"comment_status":"closed","ping_status":"closed","sticky":false,"template":"","format":"standard","meta":{"footnotes":""},"categories":[1],"tags":[],"class_list":["post-7472","post","type-post","status-publish","format-standard","hentry","category-noticias"],"jetpack_featured_media_url":"","_links":{"self":[{"href":"https:\/\/wp.ufpel.edu.br\/prae\/wp-json\/wp\/v2\/posts\/7472","targetHints":{"allow":["GET"]}}],"collection":[{"href":"https:\/\/wp.ufpel.edu.br\/prae\/wp-json\/wp\/v2\/posts"}],"about":[{"href":"https:\/\/wp.ufpel.edu.br\/prae\/wp-json\/wp\/v2\/types\/post"}],"author":[{"embeddable":true,"href":"https:\/\/wp.ufpel.edu.br\/prae\/wp-json\/wp\/v2\/users\/229"}],"replies":[{"embeddable":true,"href":"https:\/\/wp.ufpel.edu.br\/prae\/wp-json\/wp\/v2\/comments?post=7472"}],"version-history":[{"count":1,"href":"https:\/\/wp.ufpel.edu.br\/prae\/wp-json\/wp\/v2\/posts\/7472\/revisions"}],"predecessor-version":[{"id":7474,"href":"https:\/\/wp.ufpel.edu.br\/prae\/wp-json\/wp\/v2\/posts\/7472\/revisions\/7474"}],"wp:attachment":[{"href":"https:\/\/wp.ufpel.edu.br\/prae\/wp-json\/wp\/v2\/media?parent=7472"}],"wp:term":[{"taxonomy":"category","embeddable":true,"href":"https:\/\/wp.ufpel.edu.br\/prae\/wp-json\/wp\/v2\/categories?post=7472"},{"taxonomy":"post_tag","embeddable":true,"href":"https:\/\/wp.ufpel.edu.br\/prae\/wp-json\/wp\/v2\/tags?post=7472"}],"curies":[{"name":"wp","href":"https:\/\/api.w.org\/{rel}","templated":true}]}}