{"id":7453,"date":"2018-12-03T09:23:33","date_gmt":"2018-12-03T11:23:33","guid":{"rendered":"https:\/\/wp.ufpel.edu.br\/prae\/?p=7453"},"modified":"2018-12-03T09:28:02","modified_gmt":"2018-12-03T11:28:02","slug":"programa-auxilio-alimentacao-no-periodo-de-recesso-e-ferias-2","status":"publish","type":"post","link":"https:\/\/wp.ufpel.edu.br\/prae\/2018\/12\/03\/programa-auxilio-alimentacao-no-periodo-de-recesso-e-ferias-2\/","title":{"rendered":"PROGRAMA AUX\u00cdLIO ALIMENTA\u00c7\u00c3O NO PER\u00cdODO DE RECESSO E F\u00c9RIAS"},"content":{"rendered":"<p style=\"text-align: center\"><span style=\"background-color: #00ffff\"><strong>RECESSO DE FINAL DE ANO E F\u00c9RIAS ACAD\u00caMICAS<\/strong><\/span><\/p>\n<p style=\"text-align: justify\"><span style=\"background-color: #ffff00\">Entre os dias 24 de dezembro de 2018 e 05 de mar\u00e7o de 2019, o RU ter\u00e1 acesso restrito \u00e0s seguintes situa\u00e7\u00f5es:<\/span><\/p>\n<p style=\"text-align: justify\">&#8211; <strong>Bolsistas do Programa Aux\u00edlio Alimenta\u00e7\u00e3o, modalidade Integral<\/strong>, dever\u00e3o fazer a <strong>solicita\u00e7\u00e3o de perman\u00eancia no benef\u00edcio para o per\u00edodo<\/strong>, mediante preenchimento do formul\u00e1rio dispon\u00edvel no link abaixo, at\u00e9 o dia\u00a0<strong>14\/12<\/strong>. A lista de bolsistas autorizados a frequentar o RU no referido per\u00edodo ser\u00e1 elaborada a partir do preenchimento desse formul\u00e1rio.<\/p>\n<p style=\"text-align: justify\"><a href=\"https:\/\/goo.gl\/forms\/pRhwmagLWJ5h0Lfz1\">https:\/\/goo.gl\/forms\/pRhwmagLWJ5h0Lfz1<\/a><\/p>\n<p style=\"text-align: justify\">&#8211; Bolsistas do Programa Aux\u00edlio Alimenta\u00e7\u00e3o, modalidade Parcial, e estudantes pagantes: apresentar o comprovante da atividade acad\u00eamica na portaria do RU, sem necessidade de solicitar \u00e0 PRAE;<\/p>\n<p style=\"text-align: justify\">&#8211; Alunos da P\u00f3s-Gradua\u00e7\u00e3o: apresentar atestado de matr\u00edcula\/atividade na portaria do RU, sem necessidade de solicitar \u00e0 PRAE.<\/p>\n<p style=\"text-align: justify\">&#8211; N\u00e3o haver\u00e1 venda de tickets para os dias 24, 25, 31\/12 e 01\/01.<\/p>\n<p style=\"text-align: justify\">&#8211; Para os finais de semana, os estudantes dever\u00e3o efetuar a compra de tickets antecipadamente, como de costume.<\/p>\n<p style=\"text-align: justify\">&#8211; Em virtude do calend\u00e1rio acad\u00eamico, estudantes do curso de Odontologia estar\u00e3o autorizados a frequentar normalmente o RU a partir de 04\/02\/2019.<\/p>\n<p style=\"text-align: justify\">&#8211; Para os servidores que desejarem utilizar o RU, o acesso permanece inalterado.<\/p>\n<p>&nbsp;<\/p>\n<p><span style=\"background-color: #00ffff\"><strong>A Pr\u00f3-reitora de Assuntos Estudantis informa sobre a din\u00e2mica de funcionamento dos Restaurantes Universit\u00e1rios a partir do dia 24\/12\/2018 at\u00e9 o dia 05\/03\/2019, correspondente ao per\u00edodo de recesso e f\u00e9rias acad\u00eamicas:<\/strong><\/span><\/p>\n<p>&nbsp;<\/p>\n<p><strong>Caf\u00e9 da manh\u00e3 &#8211; RU da Rua General Telles (antiga CEU): N\u00e3o haver\u00e1 altera\u00e7\u00e3o nos hor\u00e1rios de atendimento<\/strong><\/p>\n<p>&#8211; De segunda a sexta-feira, das 07:00h \u00e0s 08:00h (Somente para bolsistas);<\/p>\n<p>&#8211; Finais de semana e Feriados das 8:30h \u00e0s 09:30h (Somente para bolsistas).<\/p>\n<p><strong>Excepcionalmente nos dias 24, 25, 31\/12 e 01\/01, n\u00e3o haver\u00e1 oferta de caf\u00e9 da manh\u00e3. Informa\u00e7\u00f5es sobre a retirada de alimentos para o per\u00edodo ser\u00e3o divulgadas posteriormente.<\/strong><\/p>\n<p>&nbsp;<\/p>\n<p><strong>Almo\u00e7o e Jantar de segunda a sexta- feira (inclusive feriados) &#8211; RU da Rua Santa Cruz <\/strong><\/p>\n<p>Almo\u00e7o-11:30h \u00e0s 13:00h<\/p>\n<p>Jantar- 18:30h \u00e0s 19:30h<\/p>\n<p>&nbsp;<\/p>\n<p><strong>Almo\u00e7o e Jantar aos s\u00e1bados e domingos &#8211; RU da Rua General Telles (antiga CEU)<\/strong><\/p>\n<p>Almo\u00e7o -11:30h \u00e0s 13:00h<\/p>\n<p>Jantar- 18:30h \u00e0s 19:30h<\/p>\n<p>&nbsp;<\/p>\n<p style=\"text-align: justify\">A redu\u00e7\u00e3o de hor\u00e1rio deve-se ao baixo n\u00famero de comensais neste per\u00edodo, bem como ao tempo em que o alimento fica \u00e0 disposi\u00e7\u00e3o nos <em>buffets<\/em>.<\/p>\n<p style=\"text-align: justify\"><strong>Excepcionalmente nos dias 24, 25, 31\/12 e 01\/01, o RU atender\u00e1 apenas aos bolsistas do Programa Aux\u00edlio Alimenta\u00e7\u00e3o, modalidade Integral.<\/strong><\/p>\n<p style=\"text-align: justify\"><strong>O RU do Campus Cap\u00e3o do Le\u00e3o estar\u00e1 fechado para reforma a partir do dia 22\/12, com previs\u00e3o de retorno no dia 04\/02.<\/strong><\/p>\n<p style=\"text-align: justify\"><strong>\u00a0<\/strong><\/p>\n<p><strong>\u00a0<\/strong><\/p>\n","protected":false},"excerpt":{"rendered":"<p>RECESSO DE FINAL DE ANO E F\u00c9RIAS ACAD\u00caMICAS Entre os dias 24 de dezembro de 2018 e 05 de mar\u00e7o de 2019, o RU ter\u00e1 acesso restrito \u00e0s seguintes situa\u00e7\u00f5es: &#8211; Bolsistas do Programa Aux\u00edlio Alimenta\u00e7\u00e3o, modalidade Integral, dever\u00e3o fazer a solicita\u00e7\u00e3o de perman\u00eancia no benef\u00edcio para o per\u00edodo, mediante preenchimento do formul\u00e1rio dispon\u00edvel no &hellip; <\/p>\n<p class=\"link-more\"><a href=\"https:\/\/wp.ufpel.edu.br\/prae\/2018\/12\/03\/programa-auxilio-alimentacao-no-periodo-de-recesso-e-ferias-2\/\" class=\"more-link\">Continue lendo<span class=\"screen-reader-text\"> &#8220;PROGRAMA AUX\u00cdLIO ALIMENTA\u00c7\u00c3O NO PER\u00cdODO DE RECESSO E F\u00c9RIAS&#8221;<\/span><\/a><\/p>\n","protected":false},"author":229,"featured_media":0,"comment_status":"closed","ping_status":"closed","sticky":false,"template":"","format":"standard","meta":{"footnotes":""},"categories":[1,38889],"tags":[],"class_list":["post-7453","post","type-post","status-publish","format-standard","hentry","category-noticias","category-restaurante-universitario"],"jetpack_featured_media_url":"","_links":{"self":[{"href":"https:\/\/wp.ufpel.edu.br\/prae\/wp-json\/wp\/v2\/posts\/7453","targetHints":{"allow":["GET"]}}],"collection":[{"href":"https:\/\/wp.ufpel.edu.br\/prae\/wp-json\/wp\/v2\/posts"}],"about":[{"href":"https:\/\/wp.ufpel.edu.br\/prae\/wp-json\/wp\/v2\/types\/post"}],"author":[{"embeddable":true,"href":"https:\/\/wp.ufpel.edu.br\/prae\/wp-json\/wp\/v2\/users\/229"}],"replies":[{"embeddable":true,"href":"https:\/\/wp.ufpel.edu.br\/prae\/wp-json\/wp\/v2\/comments?post=7453"}],"version-history":[{"count":7,"href":"https:\/\/wp.ufpel.edu.br\/prae\/wp-json\/wp\/v2\/posts\/7453\/revisions"}],"predecessor-version":[{"id":7461,"href":"https:\/\/wp.ufpel.edu.br\/prae\/wp-json\/wp\/v2\/posts\/7453\/revisions\/7461"}],"wp:attachment":[{"href":"https:\/\/wp.ufpel.edu.br\/prae\/wp-json\/wp\/v2\/media?parent=7453"}],"wp:term":[{"taxonomy":"category","embeddable":true,"href":"https:\/\/wp.ufpel.edu.br\/prae\/wp-json\/wp\/v2\/categories?post=7453"},{"taxonomy":"post_tag","embeddable":true,"href":"https:\/\/wp.ufpel.edu.br\/prae\/wp-json\/wp\/v2\/tags?post=7453"}],"curies":[{"name":"wp","href":"https:\/\/api.w.org\/{rel}","templated":true}]}}