{"id":7447,"date":"2018-11-30T11:19:08","date_gmt":"2018-11-30T13:19:08","guid":{"rendered":"https:\/\/wp.ufpel.edu.br\/prae\/?p=7447"},"modified":"2018-11-30T11:19:32","modified_gmt":"2018-11-30T13:19:32","slug":"passe-livre-para-o-periodo-de-ferias-solicitacao-para-os-meses-de-janeiro-e-fevereiro-de-2019","status":"publish","type":"post","link":"https:\/\/wp.ufpel.edu.br\/prae\/2018\/11\/30\/passe-livre-para-o-periodo-de-ferias-solicitacao-para-os-meses-de-janeiro-e-fevereiro-de-2019\/","title":{"rendered":"Passe livre para o per\u00edodo de f\u00e9rias: solicita\u00e7\u00e3o para os meses de janeiro e fevereiro de 2019"},"content":{"rendered":"<p style=\"margin: 0cm;margin-bottom: .0001pt;text-align: justify;background: white;vertical-align: baseline\"><span style=\"font-family: 'Georgia','serif';color: #666666\">A PRAE informa que prorrogar\u00e1 o prazo para solicita\u00e7\u00e3o de cadastro no passe livre para os meses de janeiro e fevereiro at\u00e9 o dia 07\/12. Essa medida \u00e9 fundamental para os estudantes do curso de Odontologia, que retornar\u00e3o \u00e0s aulas no dia 04\/02 para a conclus\u00e3o do per\u00edodo 2018-2.<\/span><\/p>\n<p style=\"text-align: justify;background: white;vertical-align: baseline;margin: 15.0pt 0cm 15.0pt 0cm\"><span style=\"font-family: 'Georgia','serif';color: #666666\">Interessados devem comparecer \u00e0 Secretaria da PRAE (Almirante Barroso, 1202), preferencialmente no turno da manh\u00e3. Com exce\u00e7\u00e3o dos alunos do curso de Odontologia, \u00e9 obrigat\u00f3ria a apresenta\u00e7\u00e3o de um atestado de atividades acad\u00eamicas, emitido pela Coordena\u00e7\u00e3o do Curso, no qual deve constar o per\u00edodo e os dias das atividades a serem desenvolvidas.<\/span><\/p>\n","protected":false},"excerpt":{"rendered":"<p>A PRAE informa que prorrogar\u00e1 o prazo para solicita\u00e7\u00e3o de cadastro no passe livre para os meses de janeiro e fevereiro at\u00e9 o dia 07\/12. Essa medida \u00e9 fundamental para os estudantes do curso de Odontologia, que retornar\u00e3o \u00e0s aulas no dia 04\/02 para a conclus\u00e3o do per\u00edodo 2018-2. Interessados devem comparecer \u00e0 Secretaria da &hellip; <\/p>\n<p class=\"link-more\"><a href=\"https:\/\/wp.ufpel.edu.br\/prae\/2018\/11\/30\/passe-livre-para-o-periodo-de-ferias-solicitacao-para-os-meses-de-janeiro-e-fevereiro-de-2019\/\" class=\"more-link\">Continue lendo<span class=\"screen-reader-text\"> &#8220;Passe livre para o per\u00edodo de f\u00e9rias: solicita\u00e7\u00e3o para os meses de janeiro e fevereiro de 2019&#8221;<\/span><\/a><\/p>\n","protected":false},"author":229,"featured_media":0,"comment_status":"closed","ping_status":"closed","sticky":false,"template":"","format":"standard","meta":{"footnotes":""},"categories":[1],"tags":[],"class_list":["post-7447","post","type-post","status-publish","format-standard","hentry","category-noticias"],"jetpack_featured_media_url":"","_links":{"self":[{"href":"https:\/\/wp.ufpel.edu.br\/prae\/wp-json\/wp\/v2\/posts\/7447","targetHints":{"allow":["GET"]}}],"collection":[{"href":"https:\/\/wp.ufpel.edu.br\/prae\/wp-json\/wp\/v2\/posts"}],"about":[{"href":"https:\/\/wp.ufpel.edu.br\/prae\/wp-json\/wp\/v2\/types\/post"}],"author":[{"embeddable":true,"href":"https:\/\/wp.ufpel.edu.br\/prae\/wp-json\/wp\/v2\/users\/229"}],"replies":[{"embeddable":true,"href":"https:\/\/wp.ufpel.edu.br\/prae\/wp-json\/wp\/v2\/comments?post=7447"}],"version-history":[{"count":2,"href":"https:\/\/wp.ufpel.edu.br\/prae\/wp-json\/wp\/v2\/posts\/7447\/revisions"}],"predecessor-version":[{"id":7450,"href":"https:\/\/wp.ufpel.edu.br\/prae\/wp-json\/wp\/v2\/posts\/7447\/revisions\/7450"}],"wp:attachment":[{"href":"https:\/\/wp.ufpel.edu.br\/prae\/wp-json\/wp\/v2\/media?parent=7447"}],"wp:term":[{"taxonomy":"category","embeddable":true,"href":"https:\/\/wp.ufpel.edu.br\/prae\/wp-json\/wp\/v2\/categories?post=7447"},{"taxonomy":"post_tag","embeddable":true,"href":"https:\/\/wp.ufpel.edu.br\/prae\/wp-json\/wp\/v2\/tags?post=7447"}],"curies":[{"name":"wp","href":"https:\/\/api.w.org\/{rel}","templated":true}]}}