{"id":7250,"date":"2018-08-29T10:50:20","date_gmt":"2018-08-29T13:50:20","guid":{"rendered":"https:\/\/wp.ufpel.edu.br\/prae\/?p=7250"},"modified":"2018-08-29T10:52:23","modified_gmt":"2018-08-29T13:52:23","slug":"prae-estara-no-centro-de-convivencia-no-ccl-nesta-quinta-feira","status":"publish","type":"post","link":"https:\/\/wp.ufpel.edu.br\/prae\/2018\/08\/29\/prae-estara-no-centro-de-convivencia-no-ccl-nesta-quinta-feira\/","title":{"rendered":"PRAE estar\u00e1 no Centro de Conviv\u00eancia no CCL nesta quinta-feira"},"content":{"rendered":"<p style=\"text-align: justify\">A PRAE ter\u00e1 expediente das 9h \u00e0s 12h no Centro de Conviv\u00eancias do Campus Cap\u00e3o do Le\u00e3o nesta quinta-feira, 30\/08\/2018. Informamos que a ata do aux\u00edlio transporte urbano estar\u00e1 dispon\u00edvel para assinatura dos bolsistas.<\/p>\n","protected":false},"excerpt":{"rendered":"<p>A PRAE ter\u00e1 expediente das 9h \u00e0s 12h no Centro de Conviv\u00eancias do Campus Cap\u00e3o do Le\u00e3o nesta quinta-feira, 30\/08\/2018. Informamos que a ata do aux\u00edlio transporte urbano estar\u00e1 dispon\u00edvel para assinatura dos bolsistas.<\/p>\n","protected":false},"author":229,"featured_media":0,"comment_status":"closed","ping_status":"closed","sticky":false,"template":"","format":"standard","meta":{"footnotes":""},"categories":[1],"tags":[],"class_list":["post-7250","post","type-post","status-publish","format-standard","hentry","category-noticias"],"jetpack_featured_media_url":"","_links":{"self":[{"href":"https:\/\/wp.ufpel.edu.br\/prae\/wp-json\/wp\/v2\/posts\/7250","targetHints":{"allow":["GET"]}}],"collection":[{"href":"https:\/\/wp.ufpel.edu.br\/prae\/wp-json\/wp\/v2\/posts"}],"about":[{"href":"https:\/\/wp.ufpel.edu.br\/prae\/wp-json\/wp\/v2\/types\/post"}],"author":[{"embeddable":true,"href":"https:\/\/wp.ufpel.edu.br\/prae\/wp-json\/wp\/v2\/users\/229"}],"replies":[{"embeddable":true,"href":"https:\/\/wp.ufpel.edu.br\/prae\/wp-json\/wp\/v2\/comments?post=7250"}],"version-history":[{"count":1,"href":"https:\/\/wp.ufpel.edu.br\/prae\/wp-json\/wp\/v2\/posts\/7250\/revisions"}],"predecessor-version":[{"id":7252,"href":"https:\/\/wp.ufpel.edu.br\/prae\/wp-json\/wp\/v2\/posts\/7250\/revisions\/7252"}],"wp:attachment":[{"href":"https:\/\/wp.ufpel.edu.br\/prae\/wp-json\/wp\/v2\/media?parent=7250"}],"wp:term":[{"taxonomy":"category","embeddable":true,"href":"https:\/\/wp.ufpel.edu.br\/prae\/wp-json\/wp\/v2\/categories?post=7250"},{"taxonomy":"post_tag","embeddable":true,"href":"https:\/\/wp.ufpel.edu.br\/prae\/wp-json\/wp\/v2\/tags?post=7250"}],"curies":[{"name":"wp","href":"https:\/\/api.w.org\/{rel}","templated":true}]}}