{"id":6981,"date":"2018-05-28T18:32:40","date_gmt":"2018-05-28T21:32:40","guid":{"rendered":"https:\/\/wp.ufpel.edu.br\/prae\/?p=6981"},"modified":"2018-05-28T18:32:40","modified_gmt":"2018-05-28T21:32:40","slug":"reunioes-com-estudantes-contemplados-no-edital-auxilio-eventos-02-2018","status":"publish","type":"post","link":"https:\/\/wp.ufpel.edu.br\/prae\/2018\/05\/28\/reunioes-com-estudantes-contemplados-no-edital-auxilio-eventos-02-2018\/","title":{"rendered":"Reuni\u00f5es com estudantes contemplados no Edital Aux\u00edlio Eventos 02\/2018"},"content":{"rendered":"<p>A PRAE informa que as reuni\u00f5es agendadas para os dias 29 e 30\/05 com os(as) estudantes contemplados(as) no Edital Aux\u00edlio Eventos 02\/2018 est\u00e3o canceladas. Assim que normalizar o funcionamento das atividades acad\u00eamicas e administrativas da UFPel novas datas para as reuni\u00f5es ser\u00e3o divulgadas.<\/p>\n<p>&nbsp;<\/p>\n","protected":false},"excerpt":{"rendered":"<p>A PRAE informa que as reuni\u00f5es agendadas para os dias 29 e 30\/05 com os(as) estudantes contemplados(as) no Edital Aux\u00edlio Eventos 02\/2018 est\u00e3o canceladas. Assim que normalizar o funcionamento das atividades acad\u00eamicas e administrativas da UFPel novas datas para as reuni\u00f5es ser\u00e3o divulgadas. &nbsp;<\/p>\n","protected":false},"author":229,"featured_media":0,"comment_status":"closed","ping_status":"closed","sticky":false,"template":"","format":"standard","meta":{"footnotes":""},"categories":[1],"tags":[],"class_list":["post-6981","post","type-post","status-publish","format-standard","hentry","category-noticias"],"jetpack_featured_media_url":"","_links":{"self":[{"href":"https:\/\/wp.ufpel.edu.br\/prae\/wp-json\/wp\/v2\/posts\/6981","targetHints":{"allow":["GET"]}}],"collection":[{"href":"https:\/\/wp.ufpel.edu.br\/prae\/wp-json\/wp\/v2\/posts"}],"about":[{"href":"https:\/\/wp.ufpel.edu.br\/prae\/wp-json\/wp\/v2\/types\/post"}],"author":[{"embeddable":true,"href":"https:\/\/wp.ufpel.edu.br\/prae\/wp-json\/wp\/v2\/users\/229"}],"replies":[{"embeddable":true,"href":"https:\/\/wp.ufpel.edu.br\/prae\/wp-json\/wp\/v2\/comments?post=6981"}],"version-history":[{"count":1,"href":"https:\/\/wp.ufpel.edu.br\/prae\/wp-json\/wp\/v2\/posts\/6981\/revisions"}],"predecessor-version":[{"id":6983,"href":"https:\/\/wp.ufpel.edu.br\/prae\/wp-json\/wp\/v2\/posts\/6981\/revisions\/6983"}],"wp:attachment":[{"href":"https:\/\/wp.ufpel.edu.br\/prae\/wp-json\/wp\/v2\/media?parent=6981"}],"wp:term":[{"taxonomy":"category","embeddable":true,"href":"https:\/\/wp.ufpel.edu.br\/prae\/wp-json\/wp\/v2\/categories?post=6981"},{"taxonomy":"post_tag","embeddable":true,"href":"https:\/\/wp.ufpel.edu.br\/prae\/wp-json\/wp\/v2\/tags?post=6981"}],"curies":[{"name":"wp","href":"https:\/\/api.w.org\/{rel}","templated":true}]}}