{"id":6554,"date":"2018-01-29T10:15:07","date_gmt":"2018-01-29T12:15:07","guid":{"rendered":"https:\/\/wp.ufpel.edu.br\/prae\/?p=6554"},"modified":"2018-01-29T10:15:07","modified_gmt":"2018-01-29T12:15:07","slug":"atraso-no-pagamento-da-bolsa-permanencia","status":"publish","type":"post","link":"https:\/\/wp.ufpel.edu.br\/prae\/2018\/01\/29\/atraso-no-pagamento-da-bolsa-permanencia\/","title":{"rendered":"ATRASO NO PAGAMENTO DA BOLSA PERMAN\u00caNCIA."},"content":{"rendered":"<p>A PRAE Informa que, de acordo com nota do MEC, devido \u00e0s altera\u00e7\u00f5es realizadas pelo FNDE na rotina de pagamento de bolsas mantida com o Banco do Brasil S\/A, o cr\u00e9dito da Bolsa Perman\u00eancia, relativo ao m\u00eas de dezembro de 2017, estar\u00e1 dispon\u00edvel para os bolsistas\u00a0 nesta semana.<\/p>\n","protected":false},"excerpt":{"rendered":"<p>A PRAE Informa que, de acordo com nota do MEC, devido \u00e0s altera\u00e7\u00f5es realizadas pelo FNDE na rotina de pagamento de bolsas mantida com o Banco do Brasil S\/A, o cr\u00e9dito da Bolsa Perman\u00eancia, relativo ao m\u00eas de dezembro de 2017, estar\u00e1 dispon\u00edvel para os bolsistas\u00a0 nesta semana.<\/p>\n","protected":false},"author":229,"featured_media":0,"comment_status":"closed","ping_status":"closed","sticky":false,"template":"","format":"standard","meta":{"footnotes":""},"categories":[1],"tags":[],"class_list":["post-6554","post","type-post","status-publish","format-standard","hentry","category-noticias"],"jetpack_featured_media_url":"","_links":{"self":[{"href":"https:\/\/wp.ufpel.edu.br\/prae\/wp-json\/wp\/v2\/posts\/6554","targetHints":{"allow":["GET"]}}],"collection":[{"href":"https:\/\/wp.ufpel.edu.br\/prae\/wp-json\/wp\/v2\/posts"}],"about":[{"href":"https:\/\/wp.ufpel.edu.br\/prae\/wp-json\/wp\/v2\/types\/post"}],"author":[{"embeddable":true,"href":"https:\/\/wp.ufpel.edu.br\/prae\/wp-json\/wp\/v2\/users\/229"}],"replies":[{"embeddable":true,"href":"https:\/\/wp.ufpel.edu.br\/prae\/wp-json\/wp\/v2\/comments?post=6554"}],"version-history":[{"count":2,"href":"https:\/\/wp.ufpel.edu.br\/prae\/wp-json\/wp\/v2\/posts\/6554\/revisions"}],"predecessor-version":[{"id":6557,"href":"https:\/\/wp.ufpel.edu.br\/prae\/wp-json\/wp\/v2\/posts\/6554\/revisions\/6557"}],"wp:attachment":[{"href":"https:\/\/wp.ufpel.edu.br\/prae\/wp-json\/wp\/v2\/media?parent=6554"}],"wp:term":[{"taxonomy":"category","embeddable":true,"href":"https:\/\/wp.ufpel.edu.br\/prae\/wp-json\/wp\/v2\/categories?post=6554"},{"taxonomy":"post_tag","embeddable":true,"href":"https:\/\/wp.ufpel.edu.br\/prae\/wp-json\/wp\/v2\/tags?post=6554"}],"curies":[{"name":"wp","href":"https:\/\/api.w.org\/{rel}","templated":true}]}}