{"id":6171,"date":"2017-08-10T19:12:05","date_gmt":"2017-08-10T22:12:05","guid":{"rendered":"https:\/\/wp.ufpel.edu.br\/prae\/?p=6171"},"modified":"2017-08-22T13:49:51","modified_gmt":"2017-08-22T16:49:51","slug":"selecao-para-vagas-na-nova-casa-do-estudante","status":"publish","type":"post","link":"https:\/\/wp.ufpel.edu.br\/prae\/2017\/08\/10\/selecao-para-vagas-na-nova-casa-do-estudante\/","title":{"rendered":"Sele\u00e7\u00e3o para vagas na nova Casa do Estudante"},"content":{"rendered":"<p><strong>PRAE esclarece sobre os procedimentos de sele\u00e7\u00e3o para vagas na nova Casa do Estudante<\/strong><\/p>\n<p>&nbsp;<\/p>\n<p>A Pr\u00f3-Reitoria de Assuntos Estudantis torna p\u00fablico que, no\u00a0<strong>dia 15 de agosto<\/strong>, publicar\u00e1 o Edital para que\u00a0<u>estudantes de gradua\u00e7\u00e3o benefici\u00e1rios do Programa Aux\u00edlio Moradia<\/u>\u00a0possam solicitar a migra\u00e7\u00e3o para a nova Casa do Estudante. Estar\u00e3o previstas neste Edital, no m\u00ednimo, 120 vagas para estudantes de gradua\u00e7\u00e3o.<\/p>\n<p>&nbsp;<\/p>\n<p>As vagas espec\u00edficas para alunos de p\u00f3s-gradua\u00e7\u00e3o ser\u00e3o disponibilizadas no m\u00eas de setembro atrav\u00e9s de Edital de Benef\u00edcios a ser publicado pela PRAE.<\/p>\n<p>&nbsp;<\/p>\n","protected":false},"excerpt":{"rendered":"<p>PRAE esclarece sobre os procedimentos de sele\u00e7\u00e3o para vagas na nova Casa do Estudante &nbsp; A Pr\u00f3-Reitoria de Assuntos Estudantis torna p\u00fablico que, no\u00a0dia 15 de agosto, publicar\u00e1 o Edital para que\u00a0estudantes de gradua\u00e7\u00e3o benefici\u00e1rios do Programa Aux\u00edlio Moradia\u00a0possam solicitar a migra\u00e7\u00e3o para a nova Casa do Estudante. Estar\u00e3o previstas neste Edital, no m\u00ednimo, 120 &hellip; <\/p>\n<p class=\"link-more\"><a href=\"https:\/\/wp.ufpel.edu.br\/prae\/2017\/08\/10\/selecao-para-vagas-na-nova-casa-do-estudante\/\" class=\"more-link\">Continue lendo<span class=\"screen-reader-text\"> &#8220;Sele\u00e7\u00e3o para vagas na nova Casa do Estudante&#8221;<\/span><\/a><\/p>\n","protected":false},"author":229,"featured_media":0,"comment_status":"closed","ping_status":"closed","sticky":false,"template":"","format":"standard","meta":{"footnotes":""},"categories":[1],"tags":[],"class_list":["post-6171","post","type-post","status-publish","format-standard","hentry","category-noticias"],"jetpack_featured_media_url":"","_links":{"self":[{"href":"https:\/\/wp.ufpel.edu.br\/prae\/wp-json\/wp\/v2\/posts\/6171","targetHints":{"allow":["GET"]}}],"collection":[{"href":"https:\/\/wp.ufpel.edu.br\/prae\/wp-json\/wp\/v2\/posts"}],"about":[{"href":"https:\/\/wp.ufpel.edu.br\/prae\/wp-json\/wp\/v2\/types\/post"}],"author":[{"embeddable":true,"href":"https:\/\/wp.ufpel.edu.br\/prae\/wp-json\/wp\/v2\/users\/229"}],"replies":[{"embeddable":true,"href":"https:\/\/wp.ufpel.edu.br\/prae\/wp-json\/wp\/v2\/comments?post=6171"}],"version-history":[{"count":2,"href":"https:\/\/wp.ufpel.edu.br\/prae\/wp-json\/wp\/v2\/posts\/6171\/revisions"}],"predecessor-version":[{"id":6215,"href":"https:\/\/wp.ufpel.edu.br\/prae\/wp-json\/wp\/v2\/posts\/6171\/revisions\/6215"}],"wp:attachment":[{"href":"https:\/\/wp.ufpel.edu.br\/prae\/wp-json\/wp\/v2\/media?parent=6171"}],"wp:term":[{"taxonomy":"category","embeddable":true,"href":"https:\/\/wp.ufpel.edu.br\/prae\/wp-json\/wp\/v2\/categories?post=6171"},{"taxonomy":"post_tag","embeddable":true,"href":"https:\/\/wp.ufpel.edu.br\/prae\/wp-json\/wp\/v2\/tags?post=6171"}],"curies":[{"name":"wp","href":"https:\/\/api.w.org\/{rel}","templated":true}]}}