{"id":5940,"date":"2017-05-23T17:19:38","date_gmt":"2017-05-23T20:19:38","guid":{"rendered":"https:\/\/wp.ufpel.edu.br\/prae\/?p=5940"},"modified":"2017-05-23T17:19:38","modified_gmt":"2017-05-23T20:19:38","slug":"resultado-final-do-edital-032017-cra-comunicado-07-sisuenem-verao-2017-cotas-sociais","status":"publish","type":"post","link":"https:\/\/wp.ufpel.edu.br\/prae\/2017\/05\/23\/resultado-final-do-edital-032017-cra-comunicado-07-sisuenem-verao-2017-cotas-sociais\/","title":{"rendered":"RESULTADO FINAL DO EDITAL 03\/2017-CRA COMUNICADO 07 SISU\/ENEM VER\u00c3O 2017 COTAS SOCIAIS"},"content":{"rendered":"<p style=\"text-align: justify\">A Pr\u00f3-Reitoria de Assuntos Estudantis, atrav\u00e9s do N\u00facleo de Servi\u00e7o Social divulga o <strong>RESULTADO FINAL de solicita\u00e7\u00f5es de ingresso na UFPel\u00a0 do Edital 03\/2017-CRA, COMUNICADO 07, SISU\/ENEM VER\u00c3O 2017, COTAS SOCIAIS.<\/strong><\/p>\n<p style=\"text-align: justify\"><a href=\"https:\/\/wp.ufpel.edu.br\/prae\/files\/2017\/05\/resultado-final-07.pdf\">resultado final 07<\/a><\/p>\n","protected":false},"excerpt":{"rendered":"<p>A Pr\u00f3-Reitoria de Assuntos Estudantis, atrav\u00e9s do N\u00facleo de Servi\u00e7o Social divulga o RESULTADO FINAL de solicita\u00e7\u00f5es de ingresso na UFPel\u00a0 do Edital 03\/2017-CRA, COMUNICADO 07, SISU\/ENEM VER\u00c3O 2017, COTAS SOCIAIS. resultado final 07<\/p>\n","protected":false},"author":229,"featured_media":0,"comment_status":"closed","ping_status":"closed","sticky":false,"template":"","format":"standard","meta":{"footnotes":""},"categories":[1],"tags":[],"class_list":["post-5940","post","type-post","status-publish","format-standard","hentry","category-noticias"],"jetpack_featured_media_url":"","_links":{"self":[{"href":"https:\/\/wp.ufpel.edu.br\/prae\/wp-json\/wp\/v2\/posts\/5940","targetHints":{"allow":["GET"]}}],"collection":[{"href":"https:\/\/wp.ufpel.edu.br\/prae\/wp-json\/wp\/v2\/posts"}],"about":[{"href":"https:\/\/wp.ufpel.edu.br\/prae\/wp-json\/wp\/v2\/types\/post"}],"author":[{"embeddable":true,"href":"https:\/\/wp.ufpel.edu.br\/prae\/wp-json\/wp\/v2\/users\/229"}],"replies":[{"embeddable":true,"href":"https:\/\/wp.ufpel.edu.br\/prae\/wp-json\/wp\/v2\/comments?post=5940"}],"version-history":[{"count":1,"href":"https:\/\/wp.ufpel.edu.br\/prae\/wp-json\/wp\/v2\/posts\/5940\/revisions"}],"predecessor-version":[{"id":5943,"href":"https:\/\/wp.ufpel.edu.br\/prae\/wp-json\/wp\/v2\/posts\/5940\/revisions\/5943"}],"wp:attachment":[{"href":"https:\/\/wp.ufpel.edu.br\/prae\/wp-json\/wp\/v2\/media?parent=5940"}],"wp:term":[{"taxonomy":"category","embeddable":true,"href":"https:\/\/wp.ufpel.edu.br\/prae\/wp-json\/wp\/v2\/categories?post=5940"},{"taxonomy":"post_tag","embeddable":true,"href":"https:\/\/wp.ufpel.edu.br\/prae\/wp-json\/wp\/v2\/tags?post=5940"}],"curies":[{"name":"wp","href":"https:\/\/api.w.org\/{rel}","templated":true}]}}