{"id":5788,"date":"2017-05-03T09:26:10","date_gmt":"2017-05-03T12:26:10","guid":{"rendered":"https:\/\/wp.ufpel.edu.br\/prae\/?p=5788"},"modified":"2017-05-03T09:26:10","modified_gmt":"2017-05-03T12:26:10","slug":"edital-para-contratacao-emergencial-de-assistentes-sociais","status":"publish","type":"post","link":"https:\/\/wp.ufpel.edu.br\/prae\/2017\/05\/03\/edital-para-contratacao-emergencial-de-assistentes-sociais\/","title":{"rendered":"EDITAL PARA CONTRATA\u00c7\u00c3O EMERGENCIAL DE ASSISTENTES SOCIAIS"},"content":{"rendered":"<p style=\"text-align: center\">A Pr\u00f3-Reitoria de Assuntos Estudantis, da Universidade Federal de Pelotas, no uso de suas<br \/>\natribui\u00e7\u00f5es, torna p\u00fablico o Edital para a contrata\u00e7\u00e3o de Assistentes Sociais, em car\u00e1ter emergencial<br \/>\ne tempo determinado.<\/p>\n<p>&nbsp;<\/p>\n<p><a href=\"https:\/\/wp.ufpel.edu.br\/prae\/files\/2017\/05\/Edital-PRAE-05-2017.pdf\">Edital PRAE 05-2017<\/a><\/p>\n<p><a href=\"https:\/\/wp.ufpel.edu.br\/prae\/files\/2017\/05\/ficha-inscri\u00e7\u00e3o-Assistentes-Sociais-1.docx\">ficha-inscri\u00e7\u00e3o-Assistentes Sociais<\/a><\/p>\n","protected":false},"excerpt":{"rendered":"<p>A Pr\u00f3-Reitoria de Assuntos Estudantis, da Universidade Federal de Pelotas, no uso de suas atribui\u00e7\u00f5es, torna p\u00fablico o Edital para a contrata\u00e7\u00e3o de Assistentes Sociais, em car\u00e1ter emergencial e tempo determinado. &nbsp; Edital PRAE 05-2017 ficha-inscri\u00e7\u00e3o-Assistentes Sociais<\/p>\n","protected":false},"author":229,"featured_media":0,"comment_status":"closed","ping_status":"closed","sticky":false,"template":"","format":"standard","meta":{"footnotes":""},"categories":[1],"tags":[],"class_list":["post-5788","post","type-post","status-publish","format-standard","hentry","category-noticias"],"jetpack_featured_media_url":"","_links":{"self":[{"href":"https:\/\/wp.ufpel.edu.br\/prae\/wp-json\/wp\/v2\/posts\/5788","targetHints":{"allow":["GET"]}}],"collection":[{"href":"https:\/\/wp.ufpel.edu.br\/prae\/wp-json\/wp\/v2\/posts"}],"about":[{"href":"https:\/\/wp.ufpel.edu.br\/prae\/wp-json\/wp\/v2\/types\/post"}],"author":[{"embeddable":true,"href":"https:\/\/wp.ufpel.edu.br\/prae\/wp-json\/wp\/v2\/users\/229"}],"replies":[{"embeddable":true,"href":"https:\/\/wp.ufpel.edu.br\/prae\/wp-json\/wp\/v2\/comments?post=5788"}],"version-history":[{"count":1,"href":"https:\/\/wp.ufpel.edu.br\/prae\/wp-json\/wp\/v2\/posts\/5788\/revisions"}],"predecessor-version":[{"id":5792,"href":"https:\/\/wp.ufpel.edu.br\/prae\/wp-json\/wp\/v2\/posts\/5788\/revisions\/5792"}],"wp:attachment":[{"href":"https:\/\/wp.ufpel.edu.br\/prae\/wp-json\/wp\/v2\/media?parent=5788"}],"wp:term":[{"taxonomy":"category","embeddable":true,"href":"https:\/\/wp.ufpel.edu.br\/prae\/wp-json\/wp\/v2\/categories?post=5788"},{"taxonomy":"post_tag","embeddable":true,"href":"https:\/\/wp.ufpel.edu.br\/prae\/wp-json\/wp\/v2\/tags?post=5788"}],"curies":[{"name":"wp","href":"https:\/\/api.w.org\/{rel}","templated":true}]}}