{"id":5652,"date":"2017-04-03T08:35:58","date_gmt":"2017-04-03T11:35:58","guid":{"rendered":"https:\/\/wp.ufpel.edu.br\/prae\/?p=5652"},"modified":"2017-04-03T08:35:58","modified_gmt":"2017-04-03T11:35:58","slug":"programa-bolsa-permanencia-inscricao-para-estudantes-indigenas-e-quilombolas","status":"publish","type":"post","link":"https:\/\/wp.ufpel.edu.br\/prae\/2017\/04\/03\/programa-bolsa-permanencia-inscricao-para-estudantes-indigenas-e-quilombolas\/","title":{"rendered":"PROGRAMA BOLSA PERMAN\u00caNCIA &#8211; INSCRI\u00c7\u00c3O PARA ESTUDANTES IND\u00cdGENAS E QUILOMBOLAS"},"content":{"rendered":"<p style=\"text-align: justify\">Lembramos que as\u00a0 inscri\u00e7\u00f5es de alunos Ind\u00edgenas e Quilombolas para o Programa Bolsa Perman\u00eancia do MEC est\u00e3o abertas at\u00e9 o dia 28 de abril.<\/p>\n<p style=\"text-align: justify\">Os referidos alunos podem estar matriculados em qualquer curso da UFPel, desde que comprovem sua condi\u00e7\u00e3o de etnia atrav\u00e9s dos seguintes documentos:<\/p>\n<ol style=\"text-align: justify\">\n<li>Auto-declara\u00e7\u00e3o do candidato;<\/li>\n<li>Declara\u00e7\u00e3o de sua respectiva comunidade sobre sua condi\u00e7\u00e3o de pertencimento \u00e9tnico, assinada por pelo menos 3 (tr\u00eas) lideran\u00e7as reconhecidas;<\/li>\n<li>Declara\u00e7\u00e3o da Funda\u00e7\u00e3o Nacional do \u00cdndio (Funai) que o estudante ind\u00edgena reside em comunidade ind\u00edgena ou comprovante de resid\u00eancia em comunidade ind\u00edgena;<\/li>\n<li>Declara\u00e7\u00e3o da Funda\u00e7\u00e3o Cultural Palmares que o estudante quilombola reside em comunidade remanescente de quilombo ou comprovante de resid\u00eancia em comunidade quilombola.<\/li>\n<\/ol>\n<p style=\"text-align: justify\">Os demais documentos necess\u00e1rios est\u00e3o listados no seguinte endere\u00e7o:<\/p>\n<p><a href=\"https:\/\/wp.ufpel.edu.br\/prae\/2017\/03\/17\/inscricao-no-programa-bolsa-permanencia-para-indigenas-e-quilombolas-ate-28042017\/\">https:\/\/wp.ufpel.edu.br\/prae\/2017\/03\/17\/inscricao-no-programa-bolsa-permanencia-para-indigenas-e-quilombolas-ate-28042017\/<\/a><\/p>\n<p><strong>A entrega dos documentos deve ser feita na PRAE-Anglo no hor\u00e1rio das 8h30min\u00a0\u00e0s 12h.<\/strong><\/p>\n","protected":false},"excerpt":{"rendered":"<p>Lembramos que as\u00a0 inscri\u00e7\u00f5es de alunos Ind\u00edgenas e Quilombolas para o Programa Bolsa Perman\u00eancia do MEC est\u00e3o abertas at\u00e9 o dia 28 de abril. Os referidos alunos podem estar matriculados em qualquer curso da UFPel, desde que comprovem sua condi\u00e7\u00e3o de etnia atrav\u00e9s dos seguintes documentos: Auto-declara\u00e7\u00e3o do candidato; Declara\u00e7\u00e3o de sua respectiva comunidade sobre &hellip; <\/p>\n<p class=\"link-more\"><a href=\"https:\/\/wp.ufpel.edu.br\/prae\/2017\/04\/03\/programa-bolsa-permanencia-inscricao-para-estudantes-indigenas-e-quilombolas\/\" class=\"more-link\">Continue lendo<span class=\"screen-reader-text\"> &#8220;PROGRAMA BOLSA PERMAN\u00caNCIA &#8211; INSCRI\u00c7\u00c3O PARA ESTUDANTES IND\u00cdGENAS E QUILOMBOLAS&#8221;<\/span><\/a><\/p>\n","protected":false},"author":229,"featured_media":0,"comment_status":"closed","ping_status":"closed","sticky":false,"template":"","format":"standard","meta":{"footnotes":""},"categories":[1],"tags":[],"class_list":["post-5652","post","type-post","status-publish","format-standard","hentry","category-noticias"],"jetpack_featured_media_url":"","_links":{"self":[{"href":"https:\/\/wp.ufpel.edu.br\/prae\/wp-json\/wp\/v2\/posts\/5652","targetHints":{"allow":["GET"]}}],"collection":[{"href":"https:\/\/wp.ufpel.edu.br\/prae\/wp-json\/wp\/v2\/posts"}],"about":[{"href":"https:\/\/wp.ufpel.edu.br\/prae\/wp-json\/wp\/v2\/types\/post"}],"author":[{"embeddable":true,"href":"https:\/\/wp.ufpel.edu.br\/prae\/wp-json\/wp\/v2\/users\/229"}],"replies":[{"embeddable":true,"href":"https:\/\/wp.ufpel.edu.br\/prae\/wp-json\/wp\/v2\/comments?post=5652"}],"version-history":[{"count":1,"href":"https:\/\/wp.ufpel.edu.br\/prae\/wp-json\/wp\/v2\/posts\/5652\/revisions"}],"predecessor-version":[{"id":5654,"href":"https:\/\/wp.ufpel.edu.br\/prae\/wp-json\/wp\/v2\/posts\/5652\/revisions\/5654"}],"wp:attachment":[{"href":"https:\/\/wp.ufpel.edu.br\/prae\/wp-json\/wp\/v2\/media?parent=5652"}],"wp:term":[{"taxonomy":"category","embeddable":true,"href":"https:\/\/wp.ufpel.edu.br\/prae\/wp-json\/wp\/v2\/categories?post=5652"},{"taxonomy":"post_tag","embeddable":true,"href":"https:\/\/wp.ufpel.edu.br\/prae\/wp-json\/wp\/v2\/tags?post=5652"}],"curies":[{"name":"wp","href":"https:\/\/api.w.org\/{rel}","templated":true}]}}