{"id":5636,"date":"2017-03-17T11:41:08","date_gmt":"2017-03-17T14:41:08","guid":{"rendered":"https:\/\/wp.ufpel.edu.br\/prae\/?p=5636"},"modified":"2017-03-17T11:42:02","modified_gmt":"2017-03-17T14:42:02","slug":"atencao-estudantes-atendidos-pelos-programas-da-prae","status":"publish","type":"post","link":"https:\/\/wp.ufpel.edu.br\/prae\/2017\/03\/17\/atencao-estudantes-atendidos-pelos-programas-da-prae\/","title":{"rendered":"ATEN\u00c7\u00c3O ESTUDANTES ATENDIDOS PELOS PROGRAMAS DA PRAE"},"content":{"rendered":"<p style=\"text-align: justify\">A PRAE lembra aos alunos\u00a0que, de acordo com as normas dos programas de assist\u00eancia estudantil, o estudante \u00a0pode trocar apenas uma vez de curso, conforme o artigo 13 &#8220;ocorrendo troca de curso, o aluno dever\u00e1 sempre informar \u00e0 Coordenadoria de Benef\u00edcios. Nesse caso ser\u00e1 considerado o n\u00famero de semestres do novo curso, descontado o per\u00edodo de utiliza\u00e7\u00e3o do benef\u00edcio referente ao curso anterior&#8221; e\u00a0seu par\u00e1grafo \u00fanico destaca que &#8220;ser\u00e1 permitido, para fins de manuten\u00e7\u00e3o do aluno no Programa, apenas 1 (uma) troca de curso&#8221; podendo assim, aquele que divergir dessa norma, ter seu(s) benef\u00edcio(s) cancelado(s).<\/p>\n","protected":false},"excerpt":{"rendered":"<p>A PRAE lembra aos alunos\u00a0que, de acordo com as normas dos programas de assist\u00eancia estudantil, o estudante \u00a0pode trocar apenas uma vez de curso, conforme o artigo 13 &#8220;ocorrendo troca de curso, o aluno dever\u00e1 sempre informar \u00e0 Coordenadoria de Benef\u00edcios. Nesse caso ser\u00e1 considerado o n\u00famero de semestres do novo curso, descontado o per\u00edodo &hellip; <\/p>\n<p class=\"link-more\"><a href=\"https:\/\/wp.ufpel.edu.br\/prae\/2017\/03\/17\/atencao-estudantes-atendidos-pelos-programas-da-prae\/\" class=\"more-link\">Continue lendo<span class=\"screen-reader-text\"> &#8220;ATEN\u00c7\u00c3O ESTUDANTES ATENDIDOS PELOS PROGRAMAS DA PRAE&#8221;<\/span><\/a><\/p>\n","protected":false},"author":229,"featured_media":0,"comment_status":"closed","ping_status":"closed","sticky":false,"template":"","format":"standard","meta":{"footnotes":""},"categories":[1],"tags":[],"class_list":["post-5636","post","type-post","status-publish","format-standard","hentry","category-noticias"],"jetpack_featured_media_url":"","_links":{"self":[{"href":"https:\/\/wp.ufpel.edu.br\/prae\/wp-json\/wp\/v2\/posts\/5636","targetHints":{"allow":["GET"]}}],"collection":[{"href":"https:\/\/wp.ufpel.edu.br\/prae\/wp-json\/wp\/v2\/posts"}],"about":[{"href":"https:\/\/wp.ufpel.edu.br\/prae\/wp-json\/wp\/v2\/types\/post"}],"author":[{"embeddable":true,"href":"https:\/\/wp.ufpel.edu.br\/prae\/wp-json\/wp\/v2\/users\/229"}],"replies":[{"embeddable":true,"href":"https:\/\/wp.ufpel.edu.br\/prae\/wp-json\/wp\/v2\/comments?post=5636"}],"version-history":[{"count":2,"href":"https:\/\/wp.ufpel.edu.br\/prae\/wp-json\/wp\/v2\/posts\/5636\/revisions"}],"predecessor-version":[{"id":5639,"href":"https:\/\/wp.ufpel.edu.br\/prae\/wp-json\/wp\/v2\/posts\/5636\/revisions\/5639"}],"wp:attachment":[{"href":"https:\/\/wp.ufpel.edu.br\/prae\/wp-json\/wp\/v2\/media?parent=5636"}],"wp:term":[{"taxonomy":"category","embeddable":true,"href":"https:\/\/wp.ufpel.edu.br\/prae\/wp-json\/wp\/v2\/categories?post=5636"},{"taxonomy":"post_tag","embeddable":true,"href":"https:\/\/wp.ufpel.edu.br\/prae\/wp-json\/wp\/v2\/tags?post=5636"}],"curies":[{"name":"wp","href":"https:\/\/api.w.org\/{rel}","templated":true}]}}