{"id":5619,"date":"2017-03-17T09:12:04","date_gmt":"2017-03-17T12:12:04","guid":{"rendered":"https:\/\/wp.ufpel.edu.br\/prae\/?p=5619"},"modified":"2017-07-27T15:26:20","modified_gmt":"2017-07-27T18:26:20","slug":"inscricao-no-programa-bolsa-permanencia-para-indigenas-e-quilombolas-ate-28042017","status":"publish","type":"post","link":"https:\/\/wp.ufpel.edu.br\/prae\/2017\/03\/17\/inscricao-no-programa-bolsa-permanencia-para-indigenas-e-quilombolas-ate-28042017\/","title":{"rendered":"Inscri\u00e7\u00e3o no Programa Bolsa Perman\u00eancia para Ind\u00edgenas e Quilombolas &#8211; At\u00e9 29\/09\/2017"},"content":{"rendered":"<p style=\"text-align: center\">ATEN\u00c7\u00c3O ALUNOS IND\u00cdGENAS E QUILOMBOLAS<\/p>\n<p style=\"text-align: justify\">As inscri\u00e7\u00f5es para o Programa Bolsa Perman\u00eancia, neste segundo semestre de 2017, <strong>v\u00e3o de 1\u00ba de agosto at\u00e9 o dia 29 de setembro.<\/strong> A documenta\u00e7\u00e3o necess\u00e1ria e\u00a0as orienta\u00e7\u00f5es encontram-se dispon\u00edveis nos anexos abaixo. D\u00favidas podem ser tiradas atrav\u00e9s do e-mail <a href=\"mailto:praepermanencia@ufpel.edu.br\">praepermanencia@ufpel.edu.br<\/a><\/p>\n<p><a href=\"https:\/\/wp.ufpel.edu.br\/prae\/files\/2017\/03\/ORIENTA\u00c7\u00d5ES-INSCRI\u00c7\u00c3O-INDIGENAS-E-QUILOMBOLAS-2sem.pdf\">ORIENTA\u00c7\u00d5ES-INSCRI\u00c7\u00c3O-INDIGENAS-E-QUILOMBOLAS<\/a><\/p>\n<p><a href=\"https:\/\/wp.ufpel.edu.br\/prae\/files\/2017\/03\/Anexo-1-Formul\u00e1rio-Solicita\u00e7\u00e3o-PBP-.doc\">Anexo-1-Formul\u00e1rio-Solicita\u00e7\u00e3o-PBP-<\/a><\/p>\n<p><a href=\"https:\/\/wp.ufpel.edu.br\/prae\/files\/2017\/03\/Anexo-2-Declara\u00e7\u00e3o-n\u00e3o-possuir-CTPS.doc\">Anexo-2-Declara\u00e7\u00e3o-n\u00e3o-possuir-CTPS<\/a><\/p>\n<p><a href=\"https:\/\/wp.ufpel.edu.br\/prae\/files\/2017\/03\/Anexo-3-Declara\u00e7\u00e3o-de-n\u00e3o-possuir-contas-banc\u00e1rias.doc\">Anexo-3-Declara\u00e7\u00e3o-de-n\u00e3o-possuir-contas-banc\u00e1rias<\/a><\/p>\n<p><a href=\"https:\/\/wp.ufpel.edu.br\/prae\/files\/2017\/03\/Anexo-4-Autodeclara\u00e7\u00e3o-Ind\u00edgena-e-Quilombola.doc\">Anexo-4-Autodeclara\u00e7\u00e3o-Ind\u00edgena-e-Quilombola<\/a><\/p>\n<p><a href=\"https:\/\/wp.ufpel.edu.br\/prae\/files\/2017\/03\/Anexo-5-Declara\u00e7\u00e3o-de-Atividades-Rurais.doc\">Anexo-5-Declara\u00e7\u00e3o-de-Atividades-Rurais<\/a><\/p>\n<p><a href=\"https:\/\/wp.ufpel.edu.br\/prae\/files\/2017\/03\/Anexo-6-Declara\u00e7\u00e3o-de-Atividades-e-Rendimentos-Mensais.doc\">Anexo-6-Declara\u00e7\u00e3o-de-Atividades-e-Rendimentos-Mensais<\/a><\/p>\n<p><a href=\"https:\/\/wp.ufpel.edu.br\/prae\/files\/2017\/03\/Anexo-7-Declara\u00e7\u00e3o-Pagamento-Pens\u00e3o-Alimenticia.doc\">Anexo-7-Declara\u00e7\u00e3o-Pagamento-Pens\u00e3o-Alimenticia<\/a><\/p>\n","protected":false},"excerpt":{"rendered":"<p>ATEN\u00c7\u00c3O ALUNOS IND\u00cdGENAS E QUILOMBOLAS As inscri\u00e7\u00f5es para o Programa Bolsa Perman\u00eancia, neste segundo semestre de 2017, v\u00e3o de 1\u00ba de agosto at\u00e9 o dia 29 de setembro. A documenta\u00e7\u00e3o necess\u00e1ria e\u00a0as orienta\u00e7\u00f5es encontram-se dispon\u00edveis nos anexos abaixo. D\u00favidas podem ser tiradas atrav\u00e9s do e-mail praepermanencia@ufpel.edu.br ORIENTA\u00c7\u00d5ES-INSCRI\u00c7\u00c3O-INDIGENAS-E-QUILOMBOLAS Anexo-1-Formul\u00e1rio-Solicita\u00e7\u00e3o-PBP- Anexo-2-Declara\u00e7\u00e3o-n\u00e3o-possuir-CTPS Anexo-3-Declara\u00e7\u00e3o-de-n\u00e3o-possuir-contas-banc\u00e1rias Anexo-4-Autodeclara\u00e7\u00e3o-Ind\u00edgena-e-Quilombola Anexo-5-Declara\u00e7\u00e3o-de-Atividades-Rurais Anexo-6-Declara\u00e7\u00e3o-de-Atividades-e-Rendimentos-Mensais Anexo-7-Declara\u00e7\u00e3o-Pagamento-Pens\u00e3o-Alimenticia<\/p>\n","protected":false},"author":229,"featured_media":0,"comment_status":"closed","ping_status":"closed","sticky":false,"template":"","format":"standard","meta":{"footnotes":""},"categories":[1],"tags":[],"class_list":["post-5619","post","type-post","status-publish","format-standard","hentry","category-noticias"],"jetpack_featured_media_url":"","_links":{"self":[{"href":"https:\/\/wp.ufpel.edu.br\/prae\/wp-json\/wp\/v2\/posts\/5619","targetHints":{"allow":["GET"]}}],"collection":[{"href":"https:\/\/wp.ufpel.edu.br\/prae\/wp-json\/wp\/v2\/posts"}],"about":[{"href":"https:\/\/wp.ufpel.edu.br\/prae\/wp-json\/wp\/v2\/types\/post"}],"author":[{"embeddable":true,"href":"https:\/\/wp.ufpel.edu.br\/prae\/wp-json\/wp\/v2\/users\/229"}],"replies":[{"embeddable":true,"href":"https:\/\/wp.ufpel.edu.br\/prae\/wp-json\/wp\/v2\/comments?post=5619"}],"version-history":[{"count":5,"href":"https:\/\/wp.ufpel.edu.br\/prae\/wp-json\/wp\/v2\/posts\/5619\/revisions"}],"predecessor-version":[{"id":6064,"href":"https:\/\/wp.ufpel.edu.br\/prae\/wp-json\/wp\/v2\/posts\/5619\/revisions\/6064"}],"wp:attachment":[{"href":"https:\/\/wp.ufpel.edu.br\/prae\/wp-json\/wp\/v2\/media?parent=5619"}],"wp:term":[{"taxonomy":"category","embeddable":true,"href":"https:\/\/wp.ufpel.edu.br\/prae\/wp-json\/wp\/v2\/categories?post=5619"},{"taxonomy":"post_tag","embeddable":true,"href":"https:\/\/wp.ufpel.edu.br\/prae\/wp-json\/wp\/v2\/tags?post=5619"}],"curies":[{"name":"wp","href":"https:\/\/api.w.org\/{rel}","templated":true}]}}