{"id":5613,"date":"2017-03-14T16:43:56","date_gmt":"2017-03-14T19:43:56","guid":{"rendered":"https:\/\/wp.ufpel.edu.br\/prae\/?p=5613"},"modified":"2017-03-14T16:43:56","modified_gmt":"2017-03-14T19:43:56","slug":"atencao-programa-bolsa-permanencia-do-mec","status":"publish","type":"post","link":"https:\/\/wp.ufpel.edu.br\/prae\/2017\/03\/14\/atencao-programa-bolsa-permanencia-do-mec\/","title":{"rendered":"Aten\u00e7\u00e3o &#8211; Programa Bolsa Perman\u00eancia do MEC"},"content":{"rendered":"<p style=\"text-align: justify\">O MEC informou hoje, 14\/03\/2017, que uma das parcelas em atraso do PBP j\u00e1 est\u00e1 dispon\u00edvel para saque nas ag\u00eancias banc\u00e1rias; a outra ainda encontra-se em fase de tramita\u00e7\u00e3o devendo ser paga at\u00e9 o final de mar\u00e7o\/2017.<\/p>\n","protected":false},"excerpt":{"rendered":"<p>O MEC informou hoje, 14\/03\/2017, que uma das parcelas em atraso do PBP j\u00e1 est\u00e1 dispon\u00edvel para saque nas ag\u00eancias banc\u00e1rias; a outra ainda encontra-se em fase de tramita\u00e7\u00e3o devendo ser paga at\u00e9 o final de mar\u00e7o\/2017.<\/p>\n","protected":false},"author":229,"featured_media":0,"comment_status":"closed","ping_status":"closed","sticky":false,"template":"","format":"standard","meta":{"footnotes":""},"categories":[1],"tags":[],"class_list":["post-5613","post","type-post","status-publish","format-standard","hentry","category-noticias"],"jetpack_featured_media_url":"","_links":{"self":[{"href":"https:\/\/wp.ufpel.edu.br\/prae\/wp-json\/wp\/v2\/posts\/5613","targetHints":{"allow":["GET"]}}],"collection":[{"href":"https:\/\/wp.ufpel.edu.br\/prae\/wp-json\/wp\/v2\/posts"}],"about":[{"href":"https:\/\/wp.ufpel.edu.br\/prae\/wp-json\/wp\/v2\/types\/post"}],"author":[{"embeddable":true,"href":"https:\/\/wp.ufpel.edu.br\/prae\/wp-json\/wp\/v2\/users\/229"}],"replies":[{"embeddable":true,"href":"https:\/\/wp.ufpel.edu.br\/prae\/wp-json\/wp\/v2\/comments?post=5613"}],"version-history":[{"count":1,"href":"https:\/\/wp.ufpel.edu.br\/prae\/wp-json\/wp\/v2\/posts\/5613\/revisions"}],"predecessor-version":[{"id":5615,"href":"https:\/\/wp.ufpel.edu.br\/prae\/wp-json\/wp\/v2\/posts\/5613\/revisions\/5615"}],"wp:attachment":[{"href":"https:\/\/wp.ufpel.edu.br\/prae\/wp-json\/wp\/v2\/media?parent=5613"}],"wp:term":[{"taxonomy":"category","embeddable":true,"href":"https:\/\/wp.ufpel.edu.br\/prae\/wp-json\/wp\/v2\/categories?post=5613"},{"taxonomy":"post_tag","embeddable":true,"href":"https:\/\/wp.ufpel.edu.br\/prae\/wp-json\/wp\/v2\/tags?post=5613"}],"curies":[{"name":"wp","href":"https:\/\/api.w.org\/{rel}","templated":true}]}}