{"id":5534,"date":"2017-02-01T14:57:34","date_gmt":"2017-02-01T16:57:34","guid":{"rendered":"https:\/\/wp.ufpel.edu.br\/prae\/?p=5534"},"modified":"2017-05-23T12:34:57","modified_gmt":"2017-05-23T15:34:57","slug":"recadastramento-2017-do-programa-bolsa-permnencia-do-mec-somente-para-quem-ingressou-no-programa-no-ano-de-2015","status":"publish","type":"post","link":"https:\/\/wp.ufpel.edu.br\/prae\/2017\/02\/01\/recadastramento-2017-do-programa-bolsa-permnencia-do-mec-somente-para-quem-ingressou-no-programa-no-ano-de-2015\/","title":{"rendered":"Recadastramento 2017 do Programa Bolsa Perman\u00eancia do MEC &#8211; Somente para quem ingressou no Programa no ano de 2015"},"content":{"rendered":"<p style=\"text-align: center\">Recadastramento 2017 do PBP\/MEC &#8211; Somente para quem ingressou no Programa no ano de 2015<\/p>\n<p style=\"text-align: center\"><strong>O Recebimento dos Documentos ser\u00e1 nos meses de junho e julho\/2017<\/strong><\/p>\n<p style=\"text-align: center\">\n<p style=\"text-align: justify\">Quem n\u00e3o realizar o recadastramento ter\u00e1 o pagamento da bolsa suspenso a partir do m\u00eas de setembro\/17.<\/p>\n<p style=\"text-align: justify\">A listagem de alunos que necessitam fazer o recadastramento bem como os formul\u00e1rios para tal finalidade encontram-se dispon\u00edveis abaixo.<\/p>\n<p style=\"text-align: justify\"><a href=\"https:\/\/wp.ufpel.edu.br\/prae\/files\/2017\/02\/Recadastramento-PBP-2017-Orienta\u00e7\u00f5es-1.pdf\">Recadastramento-PBP-2017-Orienta\u00e7\u00f5es<\/a><\/p>\n<p style=\"text-align: justify\"><a href=\"https:\/\/wp.ufpel.edu.br\/prae\/files\/2017\/02\/Recadastramento-2017.xlsx\">Recadastramento 2017<\/a>\u00a0(lista de alunos que dever\u00e3o se recadastrar)<\/p>\n<p style=\"text-align: justify\"><a href=\"https:\/\/wp.ufpel.edu.br\/prae\/files\/2014\/05\/Anexo-8-Formul\u00e1rio-Recadastramento-PBP.doc\">Formul\u00e1rio Recadastramento PBP<\/a><\/p>\n<p style=\"text-align: justify\"><a href=\"https:\/\/wp.ufpel.edu.br\/prae\/files\/2014\/05\/Anexo-2-Declara\u00e7\u00e3o-n\u00e3o-possuir-CTPS.doc\">Anexo 2 &#8211; Declara\u00e7\u00e3o-n\u00e3o-possuir CTPS<\/a><\/p>\n<p style=\"text-align: justify\"><a href=\"https:\/\/wp.ufpel.edu.br\/prae\/files\/2014\/05\/Anexo-3-Declara\u00e7\u00e3o-de-n\u00e3o-possuir-contas-banc\u00e1rias.doc\">Anexo 3 -Declara\u00e7\u00e3o-de-n\u00e3o-possuir-contas banc\u00e1rias<\/a><\/p>\n<p style=\"text-align: justify\"><a href=\"https:\/\/wp.ufpel.edu.br\/prae\/files\/2014\/05\/Anexo-4-Autodeclara\u00e7\u00e3o-Ind\u00edgena-e-Quilombola.doc\">Anexo 4 -Autodeclara\u00e7\u00e3o-Ind\u00edgena-e-Quilombola<\/a><\/p>\n<p style=\"text-align: justify\"><a href=\"https:\/\/wp.ufpel.edu.br\/prae\/files\/2014\/05\/Anexo-5-Declara\u00e7\u00e3o-de-Atividades-Rurais.doc\">Anexo 5 -Declara\u00e7\u00e3o-de-Atividades-Rurais<\/a><\/p>\n<p style=\"text-align: justify\"><a href=\"https:\/\/wp.ufpel.edu.br\/prae\/files\/2014\/05\/Anexo-6-Declara\u00e7\u00e3o-de-Atividades-e-Rendimentos-Mensais.doc\">Anexo 6 &#8211; Declara\u00e7\u00e3o-de-Atividades-e-Rendimentos-Mensais<\/a><\/p>\n<p style=\"text-align: justify\"><a href=\"https:\/\/wp.ufpel.edu.br\/prae\/files\/2014\/05\/Anexo-7-Declara\u00e7\u00e3o-Pagamento-Pens\u00e3o-Alimenticia.doc\">Anexo 7 -Declara\u00e7\u00e3o-Pagamento-Pens\u00e3o-Alimenticia<\/a><\/p>\n","protected":false},"excerpt":{"rendered":"<p>Recadastramento 2017 do PBP\/MEC &#8211; Somente para quem ingressou no Programa no ano de 2015 O Recebimento dos Documentos ser\u00e1 nos meses de junho e julho\/2017 Quem n\u00e3o realizar o recadastramento ter\u00e1 o pagamento da bolsa suspenso a partir do m\u00eas de setembro\/17. A listagem de alunos que necessitam fazer o recadastramento bem como os &hellip; <\/p>\n<p class=\"link-more\"><a href=\"https:\/\/wp.ufpel.edu.br\/prae\/2017\/02\/01\/recadastramento-2017-do-programa-bolsa-permnencia-do-mec-somente-para-quem-ingressou-no-programa-no-ano-de-2015\/\" class=\"more-link\">Continue lendo<span class=\"screen-reader-text\"> &#8220;Recadastramento 2017 do Programa Bolsa Perman\u00eancia do MEC &#8211; Somente para quem ingressou no Programa no ano de 2015&#8221;<\/span><\/a><\/p>\n","protected":false},"author":229,"featured_media":0,"comment_status":"closed","ping_status":"closed","sticky":false,"template":"","format":"standard","meta":{"footnotes":""},"categories":[1],"tags":[],"class_list":["post-5534","post","type-post","status-publish","format-standard","hentry","category-noticias"],"jetpack_featured_media_url":"","_links":{"self":[{"href":"https:\/\/wp.ufpel.edu.br\/prae\/wp-json\/wp\/v2\/posts\/5534","targetHints":{"allow":["GET"]}}],"collection":[{"href":"https:\/\/wp.ufpel.edu.br\/prae\/wp-json\/wp\/v2\/posts"}],"about":[{"href":"https:\/\/wp.ufpel.edu.br\/prae\/wp-json\/wp\/v2\/types\/post"}],"author":[{"embeddable":true,"href":"https:\/\/wp.ufpel.edu.br\/prae\/wp-json\/wp\/v2\/users\/229"}],"replies":[{"embeddable":true,"href":"https:\/\/wp.ufpel.edu.br\/prae\/wp-json\/wp\/v2\/comments?post=5534"}],"version-history":[{"count":9,"href":"https:\/\/wp.ufpel.edu.br\/prae\/wp-json\/wp\/v2\/posts\/5534\/revisions"}],"predecessor-version":[{"id":5935,"href":"https:\/\/wp.ufpel.edu.br\/prae\/wp-json\/wp\/v2\/posts\/5534\/revisions\/5935"}],"wp:attachment":[{"href":"https:\/\/wp.ufpel.edu.br\/prae\/wp-json\/wp\/v2\/media?parent=5534"}],"wp:term":[{"taxonomy":"category","embeddable":true,"href":"https:\/\/wp.ufpel.edu.br\/prae\/wp-json\/wp\/v2\/categories?post=5534"},{"taxonomy":"post_tag","embeddable":true,"href":"https:\/\/wp.ufpel.edu.br\/prae\/wp-json\/wp\/v2\/tags?post=5534"}],"curies":[{"name":"wp","href":"https:\/\/api.w.org\/{rel}","templated":true}]}}