{"id":5013,"date":"2016-05-24T12:51:05","date_gmt":"2016-05-24T15:51:05","guid":{"rendered":"https:\/\/wp.ufpel.edu.br\/prae\/?p=5013"},"modified":"2016-06-01T14:07:44","modified_gmt":"2016-06-01T17:07:44","slug":"resultado-final-cotas-sociais","status":"publish","type":"post","link":"https:\/\/wp.ufpel.edu.br\/prae\/2016\/05\/24\/resultado-final-cotas-sociais\/","title":{"rendered":"Resultado Final &#8211; Cotas Sociais"},"content":{"rendered":"<div>N\u00facleo de Servi\u00e7o Social da PRAE divulga listas com resultado final (ap\u00f3s recurso) dos processos de ingresso por cotas sociais Editais 02, 03 e 007-2016, remanescente e comunicados 001, 003, 004, 005 e 006 do CRA.<\/div>\n<p>Aten\u00e7\u00e3o: para este processo, por se tratar de resultado final, o estudante que teve seu ingresso por cotas sociais indeferido, n\u00e3o ter\u00e1 direito a interpor recurso junto ao N\u00facleo de Servi\u00e7o Social como ocorreu na divulga\u00e7\u00e3o do resultado parcial.<\/p>\n<p><a href=\"https:\/\/wp.ufpel.edu.br\/prae\/files\/2016\/05\/Resultado-final-cotas-sociais-comunicado-_001-2016-1.pdf\">Resultado final cotas sociais comunicado _001-2016-1<\/a><\/p>\n<p><a href=\"https:\/\/wp.ufpel.edu.br\/prae\/files\/2016\/05\/Resultado-final-cotas-sociais-comunicado_003_2016-1.pdf\">Resultado final cotas sociais comunicado_003_2016-1<\/a><\/p>\n<p><a href=\"https:\/\/wp.ufpel.edu.br\/prae\/files\/2016\/05\/Resultado-final-cotas-sociais-comunicado_004_2016-1.pdf\">Resultado final cotas sociais comunicado_004_2016-1<\/a><\/p>\n<p><a href=\"https:\/\/wp.ufpel.edu.br\/prae\/files\/2016\/05\/Resultado-final-cotas-sociais-comunicado-_005_2016-1.pdf\">Resultado final cotas sociais comunicado _005_2016-1<\/a><\/p>\n<p><a href=\"https:\/\/wp.ufpel.edu.br\/prae\/files\/2016\/05\/Resultado-final-cotas-sociais-comunicado_006_2016-1.pdf\">Resultado final cotas sociais comunicado_006_2016-1<\/a><\/p>\n<p><a href=\"https:\/\/wp.ufpel.edu.br\/prae\/files\/2016\/05\/Resultado-final-retificado-do-edital-02-2016-cotas-SISU.pdf\">Resultado final retificado do edital 02-2016- cotas SISU<\/a><\/p>\n<p><a href=\"https:\/\/wp.ufpel.edu.br\/prae\/files\/2016\/05\/Resultado-final-cotas-sociais-editais-003-e-007-2016-PAVE-e-remanescente.pdf\">Resultado final cotas sociais editais 003 e 007 &#8211; 2016 PAVE e remanescente<\/a><\/p>\n<p>&nbsp;<\/p>\n","protected":false},"excerpt":{"rendered":"<p>N\u00facleo de Servi\u00e7o Social da PRAE divulga listas com resultado final (ap\u00f3s recurso) dos processos de ingresso por cotas sociais Editais 02, 03 e 007-2016, remanescente e comunicados 001, 003, 004, 005 e 006 do CRA. Aten\u00e7\u00e3o: para este processo, por se tratar de resultado final, o estudante que teve seu ingresso por cotas sociais &hellip; <\/p>\n<p class=\"link-more\"><a href=\"https:\/\/wp.ufpel.edu.br\/prae\/2016\/05\/24\/resultado-final-cotas-sociais\/\" class=\"more-link\">Continue lendo<span class=\"screen-reader-text\"> &#8220;Resultado Final &#8211; Cotas Sociais&#8221;<\/span><\/a><\/p>\n","protected":false},"author":229,"featured_media":0,"comment_status":"closed","ping_status":"closed","sticky":false,"template":"","format":"standard","meta":{"footnotes":""},"categories":[38885,1],"tags":[],"class_list":["post-5013","post","type-post","status-publish","format-standard","hentry","category-editais","category-noticias"],"jetpack_featured_media_url":"","_links":{"self":[{"href":"https:\/\/wp.ufpel.edu.br\/prae\/wp-json\/wp\/v2\/posts\/5013","targetHints":{"allow":["GET"]}}],"collection":[{"href":"https:\/\/wp.ufpel.edu.br\/prae\/wp-json\/wp\/v2\/posts"}],"about":[{"href":"https:\/\/wp.ufpel.edu.br\/prae\/wp-json\/wp\/v2\/types\/post"}],"author":[{"embeddable":true,"href":"https:\/\/wp.ufpel.edu.br\/prae\/wp-json\/wp\/v2\/users\/229"}],"replies":[{"embeddable":true,"href":"https:\/\/wp.ufpel.edu.br\/prae\/wp-json\/wp\/v2\/comments?post=5013"}],"version-history":[{"count":3,"href":"https:\/\/wp.ufpel.edu.br\/prae\/wp-json\/wp\/v2\/posts\/5013\/revisions"}],"predecessor-version":[{"id":5047,"href":"https:\/\/wp.ufpel.edu.br\/prae\/wp-json\/wp\/v2\/posts\/5013\/revisions\/5047"}],"wp:attachment":[{"href":"https:\/\/wp.ufpel.edu.br\/prae\/wp-json\/wp\/v2\/media?parent=5013"}],"wp:term":[{"taxonomy":"category","embeddable":true,"href":"https:\/\/wp.ufpel.edu.br\/prae\/wp-json\/wp\/v2\/categories?post=5013"},{"taxonomy":"post_tag","embeddable":true,"href":"https:\/\/wp.ufpel.edu.br\/prae\/wp-json\/wp\/v2\/tags?post=5013"}],"curies":[{"name":"wp","href":"https:\/\/api.w.org\/{rel}","templated":true}]}}