{"id":4781,"date":"2016-03-14T11:05:45","date_gmt":"2016-03-14T14:05:45","guid":{"rendered":"https:\/\/wp.ufpel.edu.br\/prae\/?p=4781"},"modified":"2016-04-04T16:27:10","modified_gmt":"2016-04-04T19:27:10","slug":"programa-bolsa-permanencia-do-mec-recadastramento-2016-apenas-para-ingressantes-em-2013-e-2014","status":"publish","type":"post","link":"https:\/\/wp.ufpel.edu.br\/prae\/2016\/03\/14\/programa-bolsa-permanencia-do-mec-recadastramento-2016-apenas-para-ingressantes-em-2013-e-2014\/","title":{"rendered":"Programa Bolsa Perman\u00eancia do MEC &#8211; Recadastramento 2016 &#8211; Apenas para ingressantes em 2013 e 2014"},"content":{"rendered":"<p style=\"text-align: center\"><strong>Programa Bolsa Perman\u00eancia do MEC &#8211; Recadastramento 2016 &#8211;\u00a0 <\/strong><\/p>\n<p style=\"text-align: center\"><strong>De 15 de mar\u00e7o a 15 de abril<\/strong><\/p>\n<p style=\"text-align: center\"><strong>Somente para ingressantes no Programa em 2013 e 2014<\/strong><\/p>\n<p>&nbsp;<\/p>\n<p>Informamos que de 15 de mar\u00e7o a 15 de abril estaremos recebendo a documenta\u00e7\u00e3o referente ao Recadastramento no Programa Bolsa Perman\u00eancia, dos alunos que ingressaram no Programa nos anos de <strong>2013 e 2014.<\/strong><\/p>\n<p>O recadastramento \u00e9 obrigat\u00f3rio a todos os discentes que foram \u00a0vinculados ao Programa nos referidos anos e \u00a0consiste na atualiza\u00e7\u00e3o de dados de resid\u00eancia, contato, composi\u00e7\u00e3o familiar, \u00a0renda, sendo realizada, tamb\u00e9m, \u00a0an\u00e1lise do desempenho acad\u00eamico.<\/p>\n<p><strong>Quem n\u00e3o realizar o recadastramento ter\u00e1 o pagamento da bolsa suspenso a partir do m\u00eas de maio pr\u00f3ximo.<\/strong><\/p>\n<p><a href=\"https:\/\/wp.ufpel.edu.br\/prae\/files\/2016\/03\/ALUNOS-QUE-DEVER\u00c3O-FAZER-O-RECADASTRAMENTO.pdf\" rel=\"\">ALUNOS QUE DEVER\u00c3O FAZER O RECADASTRAMENTO<\/a><\/p>\n<p>\u00c9 necess\u00e1rio comprovar:<\/p>\n<p>&#8211; a situa\u00e7\u00e3o de renda do aluno e dos componentes de seu grupo familiar;<\/p>\n<p>&#8211; as altera\u00e7\u00f5es no grupo familiar geradas por casamento, separa\u00e7\u00e3o, nascimento, guarda, emancipa\u00e7\u00e3o, \u00a0\u00f3bito, etc.<\/p>\n<p>As orienta\u00e7\u00f5es quanto a documenta\u00e7\u00e3o, bem como modelos de declara\u00e7\u00f5es necess\u00e1rios est\u00e3o dispon\u00edveis abaixo:<\/p>\n<p><a href=\"https:\/\/wp.ufpel.edu.br\/prae\/files\/2016\/03\/PBP-Orienta\u00e7\u00f5es-e-Documenta\u00e7\u00e3o-Recadastramento.pdf\" rel=\"\">PBP- Orienta\u00e7\u00f5es e Documenta\u00e7\u00e3o Recadastramento<\/a><\/p>\n<p><a href=\"https:\/\/wp.ufpel.edu.br\/prae\/files\/2016\/03\/Formul\u00e1rio-Recadastramento-PBP.doc\" rel=\"\">Formul\u00e1rio Recadastramento PBP<\/a><\/p>\n<p><a href=\"https:\/\/wp.ufpel.edu.br\/prae\/files\/2016\/03\/ANEXO-1-Declara\u00e7\u00e3o-n\u00e3o-possuir-CTPS.docx\" rel=\"\">ANEXO 1 &#8211; Declara\u00e7\u00e3o n\u00e3o possuir CTPS<\/a><\/p>\n<p><a href=\"https:\/\/wp.ufpel.edu.br\/prae\/files\/2016\/03\/ANEXO-2-Declara\u00e7\u00e3o-de-n\u00e3o-possuir-conta-banc\u00e1ria.doc\" rel=\"\">ANEXO 2 &#8211; Declara\u00e7\u00e3o de n\u00e3o possuir conta banc\u00e1ria<\/a><\/p>\n<p><a href=\"https:\/\/wp.ufpel.edu.br\/prae\/files\/2016\/03\/ANEXO-3-Declara\u00e7\u00e3o-de-Atividades-e-Rendimentos.docx\" rel=\"\">ANEXO 3 &#8211; Declara\u00e7\u00e3o de Atividades e Rendimentos<\/a><\/p>\n<p><a href=\"https:\/\/wp.ufpel.edu.br\/prae\/files\/2016\/03\/ANEXO-4-Declara\u00e7\u00e3o-de-Atividades-Rurais.docx\" rel=\"\">ANEXO 4 &#8211; Declara\u00e7\u00e3o de Atividades Rurais<\/a><\/p>\n<p><a href=\"https:\/\/wp.ufpel.edu.br\/prae\/files\/2016\/03\/ANEXO-5-Declara\u00e7\u00e3o-Recebimento-de-Pens\u00e3o-Alimenticia.docx\" rel=\"\">ANEXO 5 &#8211; Declara\u00e7\u00e3o Recebimento de Pens\u00e3o Alimenticia<\/a><\/p>\n<p><a href=\"https:\/\/wp.ufpel.edu.br\/prae\/files\/2016\/03\/ANEXO-6-Declara\u00e7\u00e3o-n\u00e3o-receber-Pens\u00e3o-Alimenticia.docx\" rel=\"\">ANEXO 6 &#8211; Declara\u00e7\u00e3o n\u00e3o receber Pens\u00e3o Alimenticia<\/a><\/p>\n<p style=\"text-align: center\"><strong>A entrega da documenta\u00e7\u00e3o \u00e9 de inteira responsabilidade do aluno.<\/strong><\/p>\n<p style=\"text-align: center\"><strong>Os documentos dever\u00e3o ser entregues na Secretaria da PRAE, em envelope fechado, identificado com nome, curso , n\u00f9mero de matr\u00edcula e e-mail do aluno.<\/strong><\/p>\n<p style=\"text-align: center\"><strong>Per\u00edodo de Recebimento: <\/strong><\/p>\n<p style=\"text-align: center\"><strong>De 15 de mar\u00e7o a 15 de abril,\u00a0 das 8:30 \u00e0s 17:30<\/strong><\/p>\n<p style=\"text-align: center\">Finalizado o processo de an\u00e1lise os alunos ser\u00e3o informados do resultado,\u00a0 via e-mail.<\/p>\n","protected":false},"excerpt":{"rendered":"<p>Programa Bolsa Perman\u00eancia do MEC &#8211; Recadastramento 2016 &#8211;\u00a0 De 15 de mar\u00e7o a 15 de abril Somente para ingressantes no Programa em 2013 e 2014 &nbsp; Informamos que de 15 de mar\u00e7o a 15 de abril estaremos recebendo a documenta\u00e7\u00e3o referente ao Recadastramento no Programa Bolsa Perman\u00eancia, dos alunos que ingressaram no Programa nos &hellip; <\/p>\n<p class=\"link-more\"><a href=\"https:\/\/wp.ufpel.edu.br\/prae\/2016\/03\/14\/programa-bolsa-permanencia-do-mec-recadastramento-2016-apenas-para-ingressantes-em-2013-e-2014\/\" class=\"more-link\">Continue lendo<span class=\"screen-reader-text\"> &#8220;Programa Bolsa Perman\u00eancia do MEC &#8211; Recadastramento 2016 &#8211; Apenas para ingressantes em 2013 e 2014&#8221;<\/span><\/a><\/p>\n","protected":false},"author":229,"featured_media":0,"comment_status":"closed","ping_status":"closed","sticky":false,"template":"","format":"standard","meta":{"footnotes":""},"categories":[1],"tags":[],"class_list":["post-4781","post","type-post","status-publish","format-standard","hentry","category-noticias"],"jetpack_featured_media_url":"","_links":{"self":[{"href":"https:\/\/wp.ufpel.edu.br\/prae\/wp-json\/wp\/v2\/posts\/4781","targetHints":{"allow":["GET"]}}],"collection":[{"href":"https:\/\/wp.ufpel.edu.br\/prae\/wp-json\/wp\/v2\/posts"}],"about":[{"href":"https:\/\/wp.ufpel.edu.br\/prae\/wp-json\/wp\/v2\/types\/post"}],"author":[{"embeddable":true,"href":"https:\/\/wp.ufpel.edu.br\/prae\/wp-json\/wp\/v2\/users\/229"}],"replies":[{"embeddable":true,"href":"https:\/\/wp.ufpel.edu.br\/prae\/wp-json\/wp\/v2\/comments?post=4781"}],"version-history":[{"count":7,"href":"https:\/\/wp.ufpel.edu.br\/prae\/wp-json\/wp\/v2\/posts\/4781\/revisions"}],"predecessor-version":[{"id":4884,"href":"https:\/\/wp.ufpel.edu.br\/prae\/wp-json\/wp\/v2\/posts\/4781\/revisions\/4884"}],"wp:attachment":[{"href":"https:\/\/wp.ufpel.edu.br\/prae\/wp-json\/wp\/v2\/media?parent=4781"}],"wp:term":[{"taxonomy":"category","embeddable":true,"href":"https:\/\/wp.ufpel.edu.br\/prae\/wp-json\/wp\/v2\/categories?post=4781"},{"taxonomy":"post_tag","embeddable":true,"href":"https:\/\/wp.ufpel.edu.br\/prae\/wp-json\/wp\/v2\/tags?post=4781"}],"curies":[{"name":"wp","href":"https:\/\/api.w.org\/{rel}","templated":true}]}}