{"id":4776,"date":"2016-03-09T11:46:58","date_gmt":"2016-03-09T14:46:58","guid":{"rendered":"https:\/\/wp.ufpel.edu.br\/prae\/?p=4776"},"modified":"2016-03-09T11:46:58","modified_gmt":"2016-03-09T14:46:58","slug":"atencao-comprovacao-do-programa-auxilio-moradia-em-20161","status":"publish","type":"post","link":"https:\/\/wp.ufpel.edu.br\/prae\/2016\/03\/09\/atencao-comprovacao-do-programa-auxilio-moradia-em-20161\/","title":{"rendered":"ATEN\u00c7\u00c3O: COMPROVA\u00c7\u00c3O DO PROGRAMA AUX\u00cdLIO MORADIA EM 2016\/1"},"content":{"rendered":"<p><strong>Todos os alunos que integram o Programa Aux\u00edlio Moradia dever\u00e3o comprovar a utiliza\u00e7\u00e3o do benef\u00edcio conforme previsto na normatiza\u00e7\u00e3o do Programa e de acordo com o seguinte cronograma:<\/strong><\/p>\n<p style=\"text-align: center\"><strong>INICIAIS DE A a J: DE 21\/03 AT\u00c9 24\/03<\/strong><\/p>\n<p style=\"text-align: center\"><strong>INICIAIS DE K \u00e0 Z: DE 28\/03 AT\u00c9 01\/04<\/strong><\/p>\n<p><strong>Obs: Al\u00e9m da documenta\u00e7\u00e3o entregue normalmente, neste semestre estamos solicitando um comprovante de matr\u00edcula em 2016\/1. O comprovante de matr\u00edcula <span style=\"text-decoration: underline\">n\u00e3o<\/span> ser\u00e1 fornecido pela PRAE.<\/strong><\/p>\n<p><a href=\"https:\/\/wp.ufpel.edu.br\/prae\/files\/2016\/03\/DOC-MORADIA.doc\" rel=\"\">DOC-MORADIA<\/a><\/p>\n<p style=\"text-align: center\">N\u00daCLEO DE BENEF\u00cdCIOS &#8211; CIE<\/p>\n<p style=\"text-align: center\">PRAE &#8211; UFPEL<\/p>\n<p style=\"text-align: center\">09\/03\/16<\/p>\n","protected":false},"excerpt":{"rendered":"<p>Todos os alunos que integram o Programa Aux\u00edlio Moradia dever\u00e3o comprovar a utiliza\u00e7\u00e3o do benef\u00edcio conforme previsto na normatiza\u00e7\u00e3o do Programa e de acordo com o seguinte cronograma: INICIAIS DE A a J: DE 21\/03 AT\u00c9 24\/03 INICIAIS DE K \u00e0 Z: DE 28\/03 AT\u00c9 01\/04 Obs: Al\u00e9m da documenta\u00e7\u00e3o entregue normalmente, neste semestre estamos &hellip; <\/p>\n<p class=\"link-more\"><a href=\"https:\/\/wp.ufpel.edu.br\/prae\/2016\/03\/09\/atencao-comprovacao-do-programa-auxilio-moradia-em-20161\/\" class=\"more-link\">Continue lendo<span class=\"screen-reader-text\"> &#8220;ATEN\u00c7\u00c3O: COMPROVA\u00c7\u00c3O DO PROGRAMA AUX\u00cdLIO MORADIA EM 2016\/1&#8221;<\/span><\/a><\/p>\n","protected":false},"author":229,"featured_media":0,"comment_status":"closed","ping_status":"closed","sticky":false,"template":"","format":"standard","meta":{"footnotes":""},"categories":[1],"tags":[],"class_list":["post-4776","post","type-post","status-publish","format-standard","hentry","category-noticias"],"jetpack_featured_media_url":"","_links":{"self":[{"href":"https:\/\/wp.ufpel.edu.br\/prae\/wp-json\/wp\/v2\/posts\/4776","targetHints":{"allow":["GET"]}}],"collection":[{"href":"https:\/\/wp.ufpel.edu.br\/prae\/wp-json\/wp\/v2\/posts"}],"about":[{"href":"https:\/\/wp.ufpel.edu.br\/prae\/wp-json\/wp\/v2\/types\/post"}],"author":[{"embeddable":true,"href":"https:\/\/wp.ufpel.edu.br\/prae\/wp-json\/wp\/v2\/users\/229"}],"replies":[{"embeddable":true,"href":"https:\/\/wp.ufpel.edu.br\/prae\/wp-json\/wp\/v2\/comments?post=4776"}],"version-history":[{"count":2,"href":"https:\/\/wp.ufpel.edu.br\/prae\/wp-json\/wp\/v2\/posts\/4776\/revisions"}],"predecessor-version":[{"id":4780,"href":"https:\/\/wp.ufpel.edu.br\/prae\/wp-json\/wp\/v2\/posts\/4776\/revisions\/4780"}],"wp:attachment":[{"href":"https:\/\/wp.ufpel.edu.br\/prae\/wp-json\/wp\/v2\/media?parent=4776"}],"wp:term":[{"taxonomy":"category","embeddable":true,"href":"https:\/\/wp.ufpel.edu.br\/prae\/wp-json\/wp\/v2\/categories?post=4776"},{"taxonomy":"post_tag","embeddable":true,"href":"https:\/\/wp.ufpel.edu.br\/prae\/wp-json\/wp\/v2\/tags?post=4776"}],"curies":[{"name":"wp","href":"https:\/\/api.w.org\/{rel}","templated":true}]}}