{"id":4577,"date":"2015-12-02T13:41:36","date_gmt":"2015-12-02T15:41:36","guid":{"rendered":"https:\/\/wp.ufpel.edu.br\/prae\/?p=4577"},"modified":"2015-12-02T13:41:36","modified_gmt":"2015-12-02T15:41:36","slug":"auxilio-transporte-para-alunos-dos-cursos-com-semestre-atrasado","status":"publish","type":"post","link":"https:\/\/wp.ufpel.edu.br\/prae\/2015\/12\/02\/auxilio-transporte-para-alunos-dos-cursos-com-semestre-atrasado\/","title":{"rendered":"AUX\u00cdLIO TRANSPORTE PARA ALUNOS DOS CURSOS COM SEMESTRE ATRASADO"},"content":{"rendered":"<p>Os alunos benefici\u00e1rios do aux\u00edlio transporte matriculados nos cursos que permanecer\u00e3o em aula ap\u00f3s o dia 8\/12, em fun\u00e7\u00e3o do atraso no come\u00e7o do semestre, dever\u00e3o solicitar at\u00e9 o dia\u00a0<strong>04\/12\/15<\/strong>\u00a0a perman\u00eancia do aux\u00edlio para o per\u00edodo de aula durante as f\u00e9rias. As solicita\u00e7\u00f5es devem ser entregues na Coordenadoria\u00a0de Integra\u00e7\u00e3o Estudantil (Av. Bento Gon\u00e7alves, 3395) das 9hs \u00e0s 18hs.<\/p>\n<p>&nbsp;<\/p>\n<p style=\"text-align: right\">Coordenadoria de Integra\u00e7\u00e3o Estudantil<\/p>\n<p style=\"text-align: right\">\u00a0\u00a0\u00a0\u00a0\u00a0\u00a0\u00a0\u00a0\u00a0\u00a0\u00a0\u00a0\u00a0\u00a0\u00a0\u00a0\u00a0\u00a0\u00a0\u00a0\u00a0\u00a0\u00a0\u00a0\u00a0\u00a0\u00a0\u00a0\u00a0\u00a0\u00a0\u00a0\u00a0\u00a0\u00a0\u00a0\u00a0\u00a0\u00a0\u00a0\u00a0\u00a0\u00a0\u00a0\u00a0\u00a0\u00a0\u00a0\u00a0\u00a0\u00a0\u00a0\u00a0\u00a0\u00a0\u00a0\u00a0\u00a0\u00a0\u00a0\u00a0\u00a0\u00a0\u00a0\u00a0\u00a0\u00a0\u00a0\u00a0\u00a0\u00a0\u00a0\u00a0\u00a0\u00a0\u00a0\u00a0\u00a0\u00a0\u00a0\u00a0\u00a0\u00a0\u00a0\u00a0\u00a0\u00a0\u00a0\u00a0\u00a0\u00a0\u00a0 N\u00facleo de Benef\u00edcios<\/p>\n<p style=\"text-align: right\">\u00a0\u00a0\u00a0\u00a0\u00a0\u00a0\u00a0\u00a0\u00a0 01\/12\/2015<\/p>\n","protected":false},"excerpt":{"rendered":"<p>Os alunos benefici\u00e1rios do aux\u00edlio transporte matriculados nos cursos que permanecer\u00e3o em aula ap\u00f3s o dia 8\/12, em fun\u00e7\u00e3o do atraso no come\u00e7o do semestre, dever\u00e3o solicitar at\u00e9 o dia\u00a004\/12\/15\u00a0a perman\u00eancia do aux\u00edlio para o per\u00edodo de aula durante as f\u00e9rias. As solicita\u00e7\u00f5es devem ser entregues na Coordenadoria\u00a0de Integra\u00e7\u00e3o Estudantil (Av. Bento Gon\u00e7alves, 3395) das &hellip; <\/p>\n<p class=\"link-more\"><a href=\"https:\/\/wp.ufpel.edu.br\/prae\/2015\/12\/02\/auxilio-transporte-para-alunos-dos-cursos-com-semestre-atrasado\/\" class=\"more-link\">Continue lendo<span class=\"screen-reader-text\"> &#8220;AUX\u00cdLIO TRANSPORTE PARA ALUNOS DOS CURSOS COM SEMESTRE ATRASADO&#8221;<\/span><\/a><\/p>\n","protected":false},"author":229,"featured_media":0,"comment_status":"closed","ping_status":"closed","sticky":false,"template":"","format":"standard","meta":{"footnotes":""},"categories":[1],"tags":[],"class_list":["post-4577","post","type-post","status-publish","format-standard","hentry","category-noticias"],"jetpack_featured_media_url":"","_links":{"self":[{"href":"https:\/\/wp.ufpel.edu.br\/prae\/wp-json\/wp\/v2\/posts\/4577","targetHints":{"allow":["GET"]}}],"collection":[{"href":"https:\/\/wp.ufpel.edu.br\/prae\/wp-json\/wp\/v2\/posts"}],"about":[{"href":"https:\/\/wp.ufpel.edu.br\/prae\/wp-json\/wp\/v2\/types\/post"}],"author":[{"embeddable":true,"href":"https:\/\/wp.ufpel.edu.br\/prae\/wp-json\/wp\/v2\/users\/229"}],"replies":[{"embeddable":true,"href":"https:\/\/wp.ufpel.edu.br\/prae\/wp-json\/wp\/v2\/comments?post=4577"}],"version-history":[{"count":1,"href":"https:\/\/wp.ufpel.edu.br\/prae\/wp-json\/wp\/v2\/posts\/4577\/revisions"}],"predecessor-version":[{"id":4578,"href":"https:\/\/wp.ufpel.edu.br\/prae\/wp-json\/wp\/v2\/posts\/4577\/revisions\/4578"}],"wp:attachment":[{"href":"https:\/\/wp.ufpel.edu.br\/prae\/wp-json\/wp\/v2\/media?parent=4577"}],"wp:term":[{"taxonomy":"category","embeddable":true,"href":"https:\/\/wp.ufpel.edu.br\/prae\/wp-json\/wp\/v2\/categories?post=4577"},{"taxonomy":"post_tag","embeddable":true,"href":"https:\/\/wp.ufpel.edu.br\/prae\/wp-json\/wp\/v2\/tags?post=4577"}],"curies":[{"name":"wp","href":"https:\/\/api.w.org\/{rel}","templated":true}]}}