{"id":4504,"date":"2015-10-23T12:23:40","date_gmt":"2015-10-23T14:23:40","guid":{"rendered":"https:\/\/wp.ufpel.edu.br\/prae\/?p=4504"},"modified":"2015-10-23T12:23:40","modified_gmt":"2015-10-23T14:23:40","slug":"coordenacao-de-integracao-estudantil-novo-horario-de-atendimento","status":"publish","type":"post","link":"https:\/\/wp.ufpel.edu.br\/prae\/2015\/10\/23\/coordenacao-de-integracao-estudantil-novo-horario-de-atendimento\/","title":{"rendered":"COORDENA\u00c7\u00c3O DE INTEGRA\u00c7\u00c3O ESTUDANTIL &#8211; NOVO HOR\u00c1RIO DE ATENDIMENTO"},"content":{"rendered":"<p>A PRAE informa que a Coordena\u00e7\u00e3o de Integra\u00e7\u00e3o Estudantil (CIE\/PRAE) situada na Av. Bento Gon\u00e7alves, 3395 atender\u00e1, a partir de 26\/10\/2015, das 9h \u00e0s 18h sem fechar ao meio dia.<\/p>\n","protected":false},"excerpt":{"rendered":"<p>A PRAE informa que a Coordena\u00e7\u00e3o de Integra\u00e7\u00e3o Estudantil (CIE\/PRAE) situada na Av. Bento Gon\u00e7alves, 3395 atender\u00e1, a partir de 26\/10\/2015, das 9h \u00e0s 18h sem fechar ao meio dia.<\/p>\n","protected":false},"author":229,"featured_media":0,"comment_status":"closed","ping_status":"closed","sticky":false,"template":"","format":"standard","meta":{"footnotes":""},"categories":[1],"tags":[],"class_list":["post-4504","post","type-post","status-publish","format-standard","hentry","category-noticias"],"jetpack_featured_media_url":"","_links":{"self":[{"href":"https:\/\/wp.ufpel.edu.br\/prae\/wp-json\/wp\/v2\/posts\/4504","targetHints":{"allow":["GET"]}}],"collection":[{"href":"https:\/\/wp.ufpel.edu.br\/prae\/wp-json\/wp\/v2\/posts"}],"about":[{"href":"https:\/\/wp.ufpel.edu.br\/prae\/wp-json\/wp\/v2\/types\/post"}],"author":[{"embeddable":true,"href":"https:\/\/wp.ufpel.edu.br\/prae\/wp-json\/wp\/v2\/users\/229"}],"replies":[{"embeddable":true,"href":"https:\/\/wp.ufpel.edu.br\/prae\/wp-json\/wp\/v2\/comments?post=4504"}],"version-history":[{"count":1,"href":"https:\/\/wp.ufpel.edu.br\/prae\/wp-json\/wp\/v2\/posts\/4504\/revisions"}],"predecessor-version":[{"id":4505,"href":"https:\/\/wp.ufpel.edu.br\/prae\/wp-json\/wp\/v2\/posts\/4504\/revisions\/4505"}],"wp:attachment":[{"href":"https:\/\/wp.ufpel.edu.br\/prae\/wp-json\/wp\/v2\/media?parent=4504"}],"wp:term":[{"taxonomy":"category","embeddable":true,"href":"https:\/\/wp.ufpel.edu.br\/prae\/wp-json\/wp\/v2\/categories?post=4504"},{"taxonomy":"post_tag","embeddable":true,"href":"https:\/\/wp.ufpel.edu.br\/prae\/wp-json\/wp\/v2\/tags?post=4504"}],"curies":[{"name":"wp","href":"https:\/\/api.w.org\/{rel}","templated":true}]}}