{"id":4457,"date":"2015-10-08T15:48:22","date_gmt":"2015-10-08T18:48:22","guid":{"rendered":"https:\/\/wp.ufpel.edu.br\/prae\/?p=4457"},"modified":"2015-10-08T15:48:22","modified_gmt":"2015-10-08T18:48:22","slug":"novo-horario-de-atendimento-do-programa-bolsa-permanencia","status":"publish","type":"post","link":"https:\/\/wp.ufpel.edu.br\/prae\/2015\/10\/08\/novo-horario-de-atendimento-do-programa-bolsa-permanencia\/","title":{"rendered":"NOVO HOR\u00c1RIO DE ATENDIMENTO DO PROGRAMA BOLSA PERMAN\u00caNCIA"},"content":{"rendered":"<p>A Pr\u00f3-Reitoria de Assuntos Estudantis \u2013 PRAE \u2013 informa que a partir de quinta-feira, 08\/10\/15, o atendimento do programa Bolsa Perman\u00eancia para recebimento de solicita\u00e7\u00f5es e documentos,bem como esclarecimentos de d\u00favidas e verifica\u00e7\u00e3o do andamento dos pedidos ocorrer\u00e1 de segunda a sexta das 8:30 \u00e0s 12:00<\/p>\n","protected":false},"excerpt":{"rendered":"<p>A Pr\u00f3-Reitoria de Assuntos Estudantis \u2013 PRAE \u2013 informa que a partir de quinta-feira, 08\/10\/15, o atendimento do programa Bolsa Perman\u00eancia para recebimento de solicita\u00e7\u00f5es e documentos,bem como esclarecimentos de d\u00favidas e verifica\u00e7\u00e3o do andamento dos pedidos ocorrer\u00e1 de segunda a sexta das 8:30 \u00e0s 12:00<\/p>\n","protected":false},"author":229,"featured_media":0,"comment_status":"closed","ping_status":"closed","sticky":false,"template":"","format":"standard","meta":{"footnotes":""},"categories":[1],"tags":[],"class_list":["post-4457","post","type-post","status-publish","format-standard","hentry","category-noticias"],"jetpack_featured_media_url":"","_links":{"self":[{"href":"https:\/\/wp.ufpel.edu.br\/prae\/wp-json\/wp\/v2\/posts\/4457","targetHints":{"allow":["GET"]}}],"collection":[{"href":"https:\/\/wp.ufpel.edu.br\/prae\/wp-json\/wp\/v2\/posts"}],"about":[{"href":"https:\/\/wp.ufpel.edu.br\/prae\/wp-json\/wp\/v2\/types\/post"}],"author":[{"embeddable":true,"href":"https:\/\/wp.ufpel.edu.br\/prae\/wp-json\/wp\/v2\/users\/229"}],"replies":[{"embeddable":true,"href":"https:\/\/wp.ufpel.edu.br\/prae\/wp-json\/wp\/v2\/comments?post=4457"}],"version-history":[{"count":1,"href":"https:\/\/wp.ufpel.edu.br\/prae\/wp-json\/wp\/v2\/posts\/4457\/revisions"}],"predecessor-version":[{"id":4458,"href":"https:\/\/wp.ufpel.edu.br\/prae\/wp-json\/wp\/v2\/posts\/4457\/revisions\/4458"}],"wp:attachment":[{"href":"https:\/\/wp.ufpel.edu.br\/prae\/wp-json\/wp\/v2\/media?parent=4457"}],"wp:term":[{"taxonomy":"category","embeddable":true,"href":"https:\/\/wp.ufpel.edu.br\/prae\/wp-json\/wp\/v2\/categories?post=4457"},{"taxonomy":"post_tag","embeddable":true,"href":"https:\/\/wp.ufpel.edu.br\/prae\/wp-json\/wp\/v2\/tags?post=4457"}],"curies":[{"name":"wp","href":"https:\/\/api.w.org\/{rel}","templated":true}]}}