{"id":4390,"date":"2015-07-16T15:42:35","date_gmt":"2015-07-16T18:42:35","guid":{"rendered":"https:\/\/wp.ufpel.edu.br\/prae\/?p=4390"},"modified":"2015-07-16T15:42:35","modified_gmt":"2015-07-16T18:42:35","slug":"programa-bolsa-permanencia-formandos-20151","status":"publish","type":"post","link":"https:\/\/wp.ufpel.edu.br\/prae\/2015\/07\/16\/programa-bolsa-permanencia-formandos-20151\/","title":{"rendered":"PROGRAMA BOLSA PERMAN\u00caNCIA \u2013 FORMANDOS 2015\/1"},"content":{"rendered":"<p>Informamos que todos os alunos com cola\u00e7\u00e3o de grau prevista para 2015\/1, dever\u00e3o <strong>informar \u00e0 PRAE,<\/strong> <strong>at\u00e9 1\u00ba de agosto pr\u00f3ximo<\/strong>, <strong>a<\/strong> <strong>data de suas formaturas<\/strong>, evitando a ocorr\u00eancia de dep\u00f3sitos indevidos em sua conta benef\u00edcio, bem como a consequente obrigatoriedade de devolu\u00e7\u00e3o ao FNDE desses valores.<\/p>\n<p>As informa\u00e7\u00f5es devem ser feitas atrav\u00e9s de e-mail para:<\/p>\n<p>praepermanencia@ufpel.edu.br<\/p>\n","protected":false},"excerpt":{"rendered":"<p>Informamos que todos os alunos com cola\u00e7\u00e3o de grau prevista para 2015\/1, dever\u00e3o informar \u00e0 PRAE, at\u00e9 1\u00ba de agosto pr\u00f3ximo, a data de suas formaturas, evitando a ocorr\u00eancia de dep\u00f3sitos indevidos em sua conta benef\u00edcio, bem como a consequente obrigatoriedade de devolu\u00e7\u00e3o ao FNDE desses valores. As informa\u00e7\u00f5es devem ser feitas atrav\u00e9s de e-mail &hellip; <\/p>\n<p class=\"link-more\"><a href=\"https:\/\/wp.ufpel.edu.br\/prae\/2015\/07\/16\/programa-bolsa-permanencia-formandos-20151\/\" class=\"more-link\">Continue lendo<span class=\"screen-reader-text\"> &#8220;PROGRAMA BOLSA PERMAN\u00caNCIA \u2013 FORMANDOS 2015\/1&#8221;<\/span><\/a><\/p>\n","protected":false},"author":229,"featured_media":0,"comment_status":"closed","ping_status":"closed","sticky":false,"template":"","format":"standard","meta":{"footnotes":""},"categories":[1],"tags":[],"class_list":["post-4390","post","type-post","status-publish","format-standard","hentry","category-noticias"],"jetpack_featured_media_url":"","_links":{"self":[{"href":"https:\/\/wp.ufpel.edu.br\/prae\/wp-json\/wp\/v2\/posts\/4390","targetHints":{"allow":["GET"]}}],"collection":[{"href":"https:\/\/wp.ufpel.edu.br\/prae\/wp-json\/wp\/v2\/posts"}],"about":[{"href":"https:\/\/wp.ufpel.edu.br\/prae\/wp-json\/wp\/v2\/types\/post"}],"author":[{"embeddable":true,"href":"https:\/\/wp.ufpel.edu.br\/prae\/wp-json\/wp\/v2\/users\/229"}],"replies":[{"embeddable":true,"href":"https:\/\/wp.ufpel.edu.br\/prae\/wp-json\/wp\/v2\/comments?post=4390"}],"version-history":[{"count":1,"href":"https:\/\/wp.ufpel.edu.br\/prae\/wp-json\/wp\/v2\/posts\/4390\/revisions"}],"predecessor-version":[{"id":4391,"href":"https:\/\/wp.ufpel.edu.br\/prae\/wp-json\/wp\/v2\/posts\/4390\/revisions\/4391"}],"wp:attachment":[{"href":"https:\/\/wp.ufpel.edu.br\/prae\/wp-json\/wp\/v2\/media?parent=4390"}],"wp:term":[{"taxonomy":"category","embeddable":true,"href":"https:\/\/wp.ufpel.edu.br\/prae\/wp-json\/wp\/v2\/categories?post=4390"},{"taxonomy":"post_tag","embeddable":true,"href":"https:\/\/wp.ufpel.edu.br\/prae\/wp-json\/wp\/v2\/tags?post=4390"}],"curies":[{"name":"wp","href":"https:\/\/api.w.org\/{rel}","templated":true}]}}