{"id":4384,"date":"2015-07-03T13:02:18","date_gmt":"2015-07-03T16:02:18","guid":{"rendered":"https:\/\/wp.ufpel.edu.br\/prae\/?p=4384"},"modified":"2015-07-03T13:02:18","modified_gmt":"2015-07-03T16:02:18","slug":"programa-auxilio-transporte-recarga-do-cartao-magnetico-para-o-periodo-de-ferias","status":"publish","type":"post","link":"https:\/\/wp.ufpel.edu.br\/prae\/2015\/07\/03\/programa-auxilio-transporte-recarga-do-cartao-magnetico-para-o-periodo-de-ferias\/","title":{"rendered":"PROGRAMA AUX\u00cdLIO TRANSPORTE &#8211; RECARGA DO CART\u00c3O MAGN\u00c9TICO PARA O PER\u00cdODO DE F\u00c9RIAS"},"content":{"rendered":"<p><strong>INFORMAMOS QUE A RECARGA DO CART\u00c3O MAGN\u00c9TICO (VALES URBANOS) PARA O PER\u00cdODO DE <u>F\u00c9RIAS<\/u> SER\u00c1<\/strong> <strong>DE 09 A 13\/07<\/strong><\/p>\n<p>&nbsp;<\/p>\n<p>LOCAL: <strong>SINDICATO DOS TRANSPORTES<\/strong><\/p>\n<p><strong>Avenida Bento Gon\u00e7alves, 3372<\/strong><\/p>\n<p><strong>\u00a0<\/strong><\/p>\n<p><strong>HOR\u00c1RIO: 08:00 \u2013 18:00 (n\u00e3o fecha ao meio-dia)<\/strong><\/p>\n<p><strong>\u00a0<\/strong><\/p>\n","protected":false},"excerpt":{"rendered":"<p>INFORMAMOS QUE A RECARGA DO CART\u00c3O MAGN\u00c9TICO (VALES URBANOS) PARA O PER\u00cdODO DE F\u00c9RIAS SER\u00c1 DE 09 A 13\/07 &nbsp; LOCAL: SINDICATO DOS TRANSPORTES Avenida Bento Gon\u00e7alves, 3372 \u00a0 HOR\u00c1RIO: 08:00 \u2013 18:00 (n\u00e3o fecha ao meio-dia) \u00a0<\/p>\n","protected":false},"author":229,"featured_media":0,"comment_status":"closed","ping_status":"closed","sticky":false,"template":"","format":"standard","meta":{"footnotes":""},"categories":[1],"tags":[],"class_list":["post-4384","post","type-post","status-publish","format-standard","hentry","category-noticias"],"jetpack_featured_media_url":"","_links":{"self":[{"href":"https:\/\/wp.ufpel.edu.br\/prae\/wp-json\/wp\/v2\/posts\/4384","targetHints":{"allow":["GET"]}}],"collection":[{"href":"https:\/\/wp.ufpel.edu.br\/prae\/wp-json\/wp\/v2\/posts"}],"about":[{"href":"https:\/\/wp.ufpel.edu.br\/prae\/wp-json\/wp\/v2\/types\/post"}],"author":[{"embeddable":true,"href":"https:\/\/wp.ufpel.edu.br\/prae\/wp-json\/wp\/v2\/users\/229"}],"replies":[{"embeddable":true,"href":"https:\/\/wp.ufpel.edu.br\/prae\/wp-json\/wp\/v2\/comments?post=4384"}],"version-history":[{"count":2,"href":"https:\/\/wp.ufpel.edu.br\/prae\/wp-json\/wp\/v2\/posts\/4384\/revisions"}],"predecessor-version":[{"id":4386,"href":"https:\/\/wp.ufpel.edu.br\/prae\/wp-json\/wp\/v2\/posts\/4384\/revisions\/4386"}],"wp:attachment":[{"href":"https:\/\/wp.ufpel.edu.br\/prae\/wp-json\/wp\/v2\/media?parent=4384"}],"wp:term":[{"taxonomy":"category","embeddable":true,"href":"https:\/\/wp.ufpel.edu.br\/prae\/wp-json\/wp\/v2\/categories?post=4384"},{"taxonomy":"post_tag","embeddable":true,"href":"https:\/\/wp.ufpel.edu.br\/prae\/wp-json\/wp\/v2\/tags?post=4384"}],"curies":[{"name":"wp","href":"https:\/\/api.w.org\/{rel}","templated":true}]}}