{"id":4380,"date":"2015-06-30T11:45:25","date_gmt":"2015-06-30T14:45:25","guid":{"rendered":"https:\/\/wp.ufpel.edu.br\/prae\/?p=4380"},"modified":"2015-06-30T11:45:25","modified_gmt":"2015-06-30T14:45:25","slug":"estudantes-com-falta-de-aproveitamento-20142-lista-02","status":"publish","type":"post","link":"https:\/\/wp.ufpel.edu.br\/prae\/2015\/06\/30\/estudantes-com-falta-de-aproveitamento-20142-lista-02\/","title":{"rendered":"ESTUDANTES COM FALTA DE APROVEITAMENTO 2014\/2 \u2013 LISTA 02"},"content":{"rendered":"<p>Os estudantes com as matr\u00edculas listadas no link abaixo ter\u00e3o 03 (tr\u00eas) dias \u00fateis a partir da data desta publica\u00e7\u00e3o para apresentar justificativa fundamentando o motivo da falta de aproveitamento no per\u00edodo.<\/p>\n<p>Aqueles que n\u00e3o apresentarem-na dentro do prazo estipulado (01, 02 e 03\/07) ter\u00e3o seus benef\u00edcios suspensos automaticamente.<\/p>\n<p>As justificativas dever\u00e3o ser entregues na Coordenadoria de Integra\u00e7\u00e3o Estudantil (Av. Bento Gon\u00e7alves, 3395) das 8h \u00e0s 19h.<\/p>\n<p>A suspens\u00e3o dos benef\u00edcios ser\u00e1 realizada a partir do in\u00edcio de Agosto\/2015.<\/p>\n<h3><span style=\"text-decoration: underline\"><strong><a href=\"https:\/\/wp.ufpel.edu.br\/prae\/files\/2015\/06\/DIVULGA\u00c7\u00c3O-APROV-2014_2.xlsx\">DIVULGA\u00c7\u00c3O-APROV-2014_2<\/a><\/strong><\/span><\/h3>\n<p>&nbsp;<\/p>\n<p>&nbsp;<\/p>\n<p>Coordenadoria de Integra\u00e7\u00e3o Estudantil<\/p>\n<p>30\/06\/2015<\/p>\n","protected":false},"excerpt":{"rendered":"<p>Os estudantes com as matr\u00edculas listadas no link abaixo ter\u00e3o 03 (tr\u00eas) dias \u00fateis a partir da data desta publica\u00e7\u00e3o para apresentar justificativa fundamentando o motivo da falta de aproveitamento no per\u00edodo. Aqueles que n\u00e3o apresentarem-na dentro do prazo estipulado (01, 02 e 03\/07) ter\u00e3o seus benef\u00edcios suspensos automaticamente. As justificativas dever\u00e3o ser entregues na &hellip; <\/p>\n<p class=\"link-more\"><a href=\"https:\/\/wp.ufpel.edu.br\/prae\/2015\/06\/30\/estudantes-com-falta-de-aproveitamento-20142-lista-02\/\" class=\"more-link\">Continue lendo<span class=\"screen-reader-text\"> &#8220;ESTUDANTES COM FALTA DE APROVEITAMENTO 2014\/2 \u2013 LISTA 02&#8221;<\/span><\/a><\/p>\n","protected":false},"author":229,"featured_media":0,"comment_status":"closed","ping_status":"closed","sticky":false,"template":"","format":"standard","meta":{"footnotes":""},"categories":[1],"tags":[],"class_list":["post-4380","post","type-post","status-publish","format-standard","hentry","category-noticias"],"jetpack_featured_media_url":"","_links":{"self":[{"href":"https:\/\/wp.ufpel.edu.br\/prae\/wp-json\/wp\/v2\/posts\/4380","targetHints":{"allow":["GET"]}}],"collection":[{"href":"https:\/\/wp.ufpel.edu.br\/prae\/wp-json\/wp\/v2\/posts"}],"about":[{"href":"https:\/\/wp.ufpel.edu.br\/prae\/wp-json\/wp\/v2\/types\/post"}],"author":[{"embeddable":true,"href":"https:\/\/wp.ufpel.edu.br\/prae\/wp-json\/wp\/v2\/users\/229"}],"replies":[{"embeddable":true,"href":"https:\/\/wp.ufpel.edu.br\/prae\/wp-json\/wp\/v2\/comments?post=4380"}],"version-history":[{"count":2,"href":"https:\/\/wp.ufpel.edu.br\/prae\/wp-json\/wp\/v2\/posts\/4380\/revisions"}],"predecessor-version":[{"id":4383,"href":"https:\/\/wp.ufpel.edu.br\/prae\/wp-json\/wp\/v2\/posts\/4380\/revisions\/4383"}],"wp:attachment":[{"href":"https:\/\/wp.ufpel.edu.br\/prae\/wp-json\/wp\/v2\/media?parent=4380"}],"wp:term":[{"taxonomy":"category","embeddable":true,"href":"https:\/\/wp.ufpel.edu.br\/prae\/wp-json\/wp\/v2\/categories?post=4380"},{"taxonomy":"post_tag","embeddable":true,"href":"https:\/\/wp.ufpel.edu.br\/prae\/wp-json\/wp\/v2\/tags?post=4380"}],"curies":[{"name":"wp","href":"https:\/\/api.w.org\/{rel}","templated":true}]}}