{"id":4374,"date":"2015-06-26T13:47:30","date_gmt":"2015-06-26T16:47:30","guid":{"rendered":"https:\/\/wp.ufpel.edu.br\/prae\/?p=4374"},"modified":"2015-06-26T13:47:30","modified_gmt":"2015-06-26T16:47:30","slug":"programa-auxilio-transporte-8","status":"publish","type":"post","link":"https:\/\/wp.ufpel.edu.br\/prae\/2015\/06\/26\/programa-auxilio-transporte-8\/","title":{"rendered":"PROGRAMA AUX\u00cdLIO TRANSPORTE"},"content":{"rendered":"<h3>INFORMAMOS QUE A RECARGA DO CART\u00c3O MAGN\u00c9TICO (VALES URBANOS) PARA JULHO\/2015 SER\u00c1 DE 01 A 06\/07<\/h3>\n<p>&nbsp;<\/p>\n<p>LOCAL: SINDICATO DOS TRANSPORTES<\/p>\n<p>Avenida Bento Gon\u00e7alves, 3372<\/p>\n<p>HOR\u00c1RIO: 08:00 \u2013 18:00 (n\u00e3o fecha ao meio-dia)<\/p>\n<p>&nbsp;<\/p>\n","protected":false},"excerpt":{"rendered":"<p>INFORMAMOS QUE A RECARGA DO CART\u00c3O MAGN\u00c9TICO (VALES URBANOS) PARA JULHO\/2015 SER\u00c1 DE 01 A 06\/07 &nbsp; LOCAL: SINDICATO DOS TRANSPORTES Avenida Bento Gon\u00e7alves, 3372 HOR\u00c1RIO: 08:00 \u2013 18:00 (n\u00e3o fecha ao meio-dia) &nbsp;<\/p>\n","protected":false},"author":229,"featured_media":0,"comment_status":"closed","ping_status":"closed","sticky":false,"template":"","format":"standard","meta":{"footnotes":""},"categories":[1],"tags":[],"class_list":["post-4374","post","type-post","status-publish","format-standard","hentry","category-noticias"],"jetpack_featured_media_url":"","_links":{"self":[{"href":"https:\/\/wp.ufpel.edu.br\/prae\/wp-json\/wp\/v2\/posts\/4374","targetHints":{"allow":["GET"]}}],"collection":[{"href":"https:\/\/wp.ufpel.edu.br\/prae\/wp-json\/wp\/v2\/posts"}],"about":[{"href":"https:\/\/wp.ufpel.edu.br\/prae\/wp-json\/wp\/v2\/types\/post"}],"author":[{"embeddable":true,"href":"https:\/\/wp.ufpel.edu.br\/prae\/wp-json\/wp\/v2\/users\/229"}],"replies":[{"embeddable":true,"href":"https:\/\/wp.ufpel.edu.br\/prae\/wp-json\/wp\/v2\/comments?post=4374"}],"version-history":[{"count":5,"href":"https:\/\/wp.ufpel.edu.br\/prae\/wp-json\/wp\/v2\/posts\/4374\/revisions"}],"predecessor-version":[{"id":4379,"href":"https:\/\/wp.ufpel.edu.br\/prae\/wp-json\/wp\/v2\/posts\/4374\/revisions\/4379"}],"wp:attachment":[{"href":"https:\/\/wp.ufpel.edu.br\/prae\/wp-json\/wp\/v2\/media?parent=4374"}],"wp:term":[{"taxonomy":"category","embeddable":true,"href":"https:\/\/wp.ufpel.edu.br\/prae\/wp-json\/wp\/v2\/categories?post=4374"},{"taxonomy":"post_tag","embeddable":true,"href":"https:\/\/wp.ufpel.edu.br\/prae\/wp-json\/wp\/v2\/tags?post=4374"}],"curies":[{"name":"wp","href":"https:\/\/api.w.org\/{rel}","templated":true}]}}