{"id":4371,"date":"2015-06-26T13:43:16","date_gmt":"2015-06-26T16:43:16","guid":{"rendered":"https:\/\/wp.ufpel.edu.br\/prae\/?p=4371"},"modified":"2015-06-26T13:43:16","modified_gmt":"2015-06-26T16:43:16","slug":"programa-auxilio-deslocamento-e-auxilio-alimentacao-pinheiro-machado-3","status":"publish","type":"post","link":"https:\/\/wp.ufpel.edu.br\/prae\/2015\/06\/26\/programa-auxilio-deslocamento-e-auxilio-alimentacao-pinheiro-machado-3\/","title":{"rendered":"PROGRAMA AUX\u00cdLIO DESLOCAMENTO E AUX\u00cdLIO ALIMENTA\u00c7\u00c3O (PINHEIRO MACHADO)"},"content":{"rendered":"<p>Considerando que o semestre 2015\/1 termina em 06\/07 (04 dias letivos) e o semestre 2015\/2 come\u00e7a em 10\/08 (16 dias letivos) informamos que o pagamento que ser\u00e1 realizado no m\u00eas de Julho de 2015 servir\u00e1 tamb\u00e9m para os dias do m\u00eas de Agosto\/15.<\/p>\n<p>Assim, os benefici\u00e1rios destes programas recebem um dep\u00f3sito neste m\u00eas e voltam a receber o dep\u00f3sito normalmente no in\u00edcio de Setembro.<\/p>\n<p>&nbsp;<\/p>\n<p>N\u00facleo de Benef\u00edcios \u2013 CIE<\/p>\n","protected":false},"excerpt":{"rendered":"<p>Considerando que o semestre 2015\/1 termina em 06\/07 (04 dias letivos) e o semestre 2015\/2 come\u00e7a em 10\/08 (16 dias letivos) informamos que o pagamento que ser\u00e1 realizado no m\u00eas de Julho de 2015 servir\u00e1 tamb\u00e9m para os dias do m\u00eas de Agosto\/15. Assim, os benefici\u00e1rios destes programas recebem um dep\u00f3sito neste m\u00eas e voltam &hellip; <\/p>\n<p class=\"link-more\"><a href=\"https:\/\/wp.ufpel.edu.br\/prae\/2015\/06\/26\/programa-auxilio-deslocamento-e-auxilio-alimentacao-pinheiro-machado-3\/\" class=\"more-link\">Continue lendo<span class=\"screen-reader-text\"> &#8220;PROGRAMA AUX\u00cdLIO DESLOCAMENTO E AUX\u00cdLIO ALIMENTA\u00c7\u00c3O (PINHEIRO MACHADO)&#8221;<\/span><\/a><\/p>\n","protected":false},"author":229,"featured_media":0,"comment_status":"closed","ping_status":"closed","sticky":false,"template":"","format":"standard","meta":{"footnotes":""},"categories":[1],"tags":[],"class_list":["post-4371","post","type-post","status-publish","format-standard","hentry","category-noticias"],"jetpack_featured_media_url":"","_links":{"self":[{"href":"https:\/\/wp.ufpel.edu.br\/prae\/wp-json\/wp\/v2\/posts\/4371","targetHints":{"allow":["GET"]}}],"collection":[{"href":"https:\/\/wp.ufpel.edu.br\/prae\/wp-json\/wp\/v2\/posts"}],"about":[{"href":"https:\/\/wp.ufpel.edu.br\/prae\/wp-json\/wp\/v2\/types\/post"}],"author":[{"embeddable":true,"href":"https:\/\/wp.ufpel.edu.br\/prae\/wp-json\/wp\/v2\/users\/229"}],"replies":[{"embeddable":true,"href":"https:\/\/wp.ufpel.edu.br\/prae\/wp-json\/wp\/v2\/comments?post=4371"}],"version-history":[{"count":2,"href":"https:\/\/wp.ufpel.edu.br\/prae\/wp-json\/wp\/v2\/posts\/4371\/revisions"}],"predecessor-version":[{"id":4373,"href":"https:\/\/wp.ufpel.edu.br\/prae\/wp-json\/wp\/v2\/posts\/4371\/revisions\/4373"}],"wp:attachment":[{"href":"https:\/\/wp.ufpel.edu.br\/prae\/wp-json\/wp\/v2\/media?parent=4371"}],"wp:term":[{"taxonomy":"category","embeddable":true,"href":"https:\/\/wp.ufpel.edu.br\/prae\/wp-json\/wp\/v2\/categories?post=4371"},{"taxonomy":"post_tag","embeddable":true,"href":"https:\/\/wp.ufpel.edu.br\/prae\/wp-json\/wp\/v2\/tags?post=4371"}],"curies":[{"name":"wp","href":"https:\/\/api.w.org\/{rel}","templated":true}]}}