{"id":4368,"date":"2015-06-18T17:44:27","date_gmt":"2015-06-18T20:44:27","guid":{"rendered":"https:\/\/wp.ufpel.edu.br\/prae\/?p=4368"},"modified":"2015-06-18T17:44:27","modified_gmt":"2015-06-18T20:44:27","slug":"programa-auxilio-transporte-urbano-e-alimentacao-nas-ferias-2","status":"publish","type":"post","link":"https:\/\/wp.ufpel.edu.br\/prae\/2015\/06\/18\/programa-auxilio-transporte-urbano-e-alimentacao-nas-ferias-2\/","title":{"rendered":"PROGRAMA AUX\u00cdLIO TRANSPORTE URBANO E ALIMENTA\u00c7\u00c3O NAS F\u00c9RIAS"},"content":{"rendered":"<p>Os alunos que permanecer\u00e3o em atividades curriculares no per\u00edodo de f\u00e9rias (ap\u00f3s 06\/07\/2015) dever\u00e3o entregar atestado do colegiado do curso, impreterivelmente, at\u00e9 o dia <strong>30\/06\/2015<\/strong> para permanecer com os benef\u00edcios. <strong>N\u00e3o s\u00e3o v\u00e1lidos atestados entregues anteriormente. <\/strong><\/p>\n<p>Os atestados devem ser entregues na Coordenadoria de Integra\u00e7\u00e3o Estudantil (Av. Bentos Gon\u00e7alves, 3395) e <strong>devem estar de acordo com o padr\u00e3o fornecido na p\u00e1gina da PRAE<\/strong> (na aba Coordenadoria de Benef\u00edcios\/Documentos).<\/p>\n<p><strong>N\u00e3o ser\u00e3o aceitos, sob nenhuma hip\u00f3tese, atestados entregues ap\u00f3s o per\u00edodo determinado.<\/strong><\/p>\n<p><strong>Obs: No caso espec\u00edfico do Programa Aux\u00edlio Alimenta\u00e7\u00e3o tamb\u00e9m ser\u00e3o aceitas solicita\u00e7\u00f5es de perman\u00eancia de acordo com a necessidade do aluno.<\/strong><\/p>\n<p>&nbsp;<\/p>\n<p>&nbsp;<\/p>\n<p>Coordenadoria de Integra\u00e7\u00e3o Estudantil<\/p>\n<p>N\u00facleo de Benef\u00edcios<\/p>\n<p>18\/06\/2015<\/p>\n","protected":false},"excerpt":{"rendered":"<p>Os alunos que permanecer\u00e3o em atividades curriculares no per\u00edodo de f\u00e9rias (ap\u00f3s 06\/07\/2015) dever\u00e3o entregar atestado do colegiado do curso, impreterivelmente, at\u00e9 o dia 30\/06\/2015 para permanecer com os benef\u00edcios. N\u00e3o s\u00e3o v\u00e1lidos atestados entregues anteriormente. Os atestados devem ser entregues na Coordenadoria de Integra\u00e7\u00e3o Estudantil (Av. Bentos Gon\u00e7alves, 3395) e devem estar de acordo &hellip; <\/p>\n<p class=\"link-more\"><a href=\"https:\/\/wp.ufpel.edu.br\/prae\/2015\/06\/18\/programa-auxilio-transporte-urbano-e-alimentacao-nas-ferias-2\/\" class=\"more-link\">Continue lendo<span class=\"screen-reader-text\"> &#8220;PROGRAMA AUX\u00cdLIO TRANSPORTE URBANO E ALIMENTA\u00c7\u00c3O NAS F\u00c9RIAS&#8221;<\/span><\/a><\/p>\n","protected":false},"author":229,"featured_media":0,"comment_status":"closed","ping_status":"closed","sticky":false,"template":"","format":"standard","meta":{"footnotes":""},"categories":[1],"tags":[],"class_list":["post-4368","post","type-post","status-publish","format-standard","hentry","category-noticias"],"jetpack_featured_media_url":"","_links":{"self":[{"href":"https:\/\/wp.ufpel.edu.br\/prae\/wp-json\/wp\/v2\/posts\/4368","targetHints":{"allow":["GET"]}}],"collection":[{"href":"https:\/\/wp.ufpel.edu.br\/prae\/wp-json\/wp\/v2\/posts"}],"about":[{"href":"https:\/\/wp.ufpel.edu.br\/prae\/wp-json\/wp\/v2\/types\/post"}],"author":[{"embeddable":true,"href":"https:\/\/wp.ufpel.edu.br\/prae\/wp-json\/wp\/v2\/users\/229"}],"replies":[{"embeddable":true,"href":"https:\/\/wp.ufpel.edu.br\/prae\/wp-json\/wp\/v2\/comments?post=4368"}],"version-history":[{"count":1,"href":"https:\/\/wp.ufpel.edu.br\/prae\/wp-json\/wp\/v2\/posts\/4368\/revisions"}],"predecessor-version":[{"id":4369,"href":"https:\/\/wp.ufpel.edu.br\/prae\/wp-json\/wp\/v2\/posts\/4368\/revisions\/4369"}],"wp:attachment":[{"href":"https:\/\/wp.ufpel.edu.br\/prae\/wp-json\/wp\/v2\/media?parent=4368"}],"wp:term":[{"taxonomy":"category","embeddable":true,"href":"https:\/\/wp.ufpel.edu.br\/prae\/wp-json\/wp\/v2\/categories?post=4368"},{"taxonomy":"post_tag","embeddable":true,"href":"https:\/\/wp.ufpel.edu.br\/prae\/wp-json\/wp\/v2\/tags?post=4368"}],"curies":[{"name":"wp","href":"https:\/\/api.w.org\/{rel}","templated":true}]}}