{"id":4321,"date":"2015-05-06T12:06:47","date_gmt":"2015-05-06T15:06:47","guid":{"rendered":"https:\/\/wp.ufpel.edu.br\/prae\/?p=4321"},"modified":"2015-05-06T12:06:47","modified_gmt":"2015-05-06T15:06:47","slug":"secretaria-do-gabinete-da-prae-novo-horario-de-atendimento-2","status":"publish","type":"post","link":"https:\/\/wp.ufpel.edu.br\/prae\/2015\/05\/06\/secretaria-do-gabinete-da-prae-novo-horario-de-atendimento-2\/","title":{"rendered":"SECRETARIA DO GABINETE DA PRAE &#8211; NOVO HOR\u00c1RIO DE ATENDIMENTO"},"content":{"rendered":"<p>Informamos que o atendimento da secret\u00e1ria da PRAE (Campus Porto) continuar\u00e1 sendo realizado,\u00a0at\u00e9 dia 15\/06\/2015, no hor\u00e1rio compreendido entre\u00a08h e\u00a014h. Salientamos que, em virtude dessa mudan\u00e7a de hor\u00e1rio, o atendimento do Programa Bolsa Perman\u00eancia ser\u00e1 realizado nas <strong>Segundas<\/strong>, <strong>Ter\u00e7as, Quintas e Sextas-Feira<\/strong> das 8h30min \u00e0s 12h.<\/p>\n","protected":false},"excerpt":{"rendered":"<p>Informamos que o atendimento da secret\u00e1ria da PRAE (Campus Porto) continuar\u00e1 sendo realizado,\u00a0at\u00e9 dia 15\/06\/2015, no hor\u00e1rio compreendido entre\u00a08h e\u00a014h. Salientamos que, em virtude dessa mudan\u00e7a de hor\u00e1rio, o atendimento do Programa Bolsa Perman\u00eancia ser\u00e1 realizado nas Segundas, Ter\u00e7as, Quintas e Sextas-Feira das 8h30min \u00e0s 12h.<\/p>\n","protected":false},"author":229,"featured_media":0,"comment_status":"closed","ping_status":"closed","sticky":false,"template":"","format":"standard","meta":{"footnotes":""},"categories":[1],"tags":[],"class_list":["post-4321","post","type-post","status-publish","format-standard","hentry","category-noticias"],"jetpack_featured_media_url":"","_links":{"self":[{"href":"https:\/\/wp.ufpel.edu.br\/prae\/wp-json\/wp\/v2\/posts\/4321","targetHints":{"allow":["GET"]}}],"collection":[{"href":"https:\/\/wp.ufpel.edu.br\/prae\/wp-json\/wp\/v2\/posts"}],"about":[{"href":"https:\/\/wp.ufpel.edu.br\/prae\/wp-json\/wp\/v2\/types\/post"}],"author":[{"embeddable":true,"href":"https:\/\/wp.ufpel.edu.br\/prae\/wp-json\/wp\/v2\/users\/229"}],"replies":[{"embeddable":true,"href":"https:\/\/wp.ufpel.edu.br\/prae\/wp-json\/wp\/v2\/comments?post=4321"}],"version-history":[{"count":1,"href":"https:\/\/wp.ufpel.edu.br\/prae\/wp-json\/wp\/v2\/posts\/4321\/revisions"}],"predecessor-version":[{"id":4322,"href":"https:\/\/wp.ufpel.edu.br\/prae\/wp-json\/wp\/v2\/posts\/4321\/revisions\/4322"}],"wp:attachment":[{"href":"https:\/\/wp.ufpel.edu.br\/prae\/wp-json\/wp\/v2\/media?parent=4321"}],"wp:term":[{"taxonomy":"category","embeddable":true,"href":"https:\/\/wp.ufpel.edu.br\/prae\/wp-json\/wp\/v2\/categories?post=4321"},{"taxonomy":"post_tag","embeddable":true,"href":"https:\/\/wp.ufpel.edu.br\/prae\/wp-json\/wp\/v2\/tags?post=4321"}],"curies":[{"name":"wp","href":"https:\/\/api.w.org\/{rel}","templated":true}]}}