{"id":4236,"date":"2015-03-30T18:10:38","date_gmt":"2015-03-30T21:10:38","guid":{"rendered":"https:\/\/wp.ufpel.edu.br\/prae\/?p=4236"},"modified":"2017-04-10T13:08:34","modified_gmt":"2017-04-10T16:08:34","slug":"retificacao-edital-0022015-auxilio-eventos","status":"publish","type":"post","link":"https:\/\/wp.ufpel.edu.br\/prae\/2015\/03\/30\/retificacao-edital-0022015-auxilio-eventos\/","title":{"rendered":"Retifica\u00e7\u00e3o Edital 002\/2015 &#8211; Aux\u00edlio Eventos"},"content":{"rendered":"<p>A Pr\u00f3-Reitoria de Assuntos Estudantis, atrav\u00e9s da Coordena\u00e7\u00e3o de A\u00e7\u00f5es Afirmativas e Pol\u00edticas Estudantis, no uso de suas atribui\u00e7\u00f5es, publica retifica\u00e7\u00e3o junto ao Edital 002\/2015 &#8211; Aux\u00edlio Eventos:<\/p>\n<p>&nbsp;<\/p>\n<h3><span style=\"text-decoration: underline\"><a href=\"https:\/\/wp.ufpel.edu.br\/prae\/files\/2015\/03\/Retifica\u00e7\u00e3o-Edital-02-2015-Aux\u00edlio-Eventos.pdf\">Retifica\u00e7\u00e3o Edital 02-2015 Aux\u00edlio Eventos<\/a><\/span><\/h3>\n","protected":false},"excerpt":{"rendered":"<p>A Pr\u00f3-Reitoria de Assuntos Estudantis, atrav\u00e9s da Coordena\u00e7\u00e3o de A\u00e7\u00f5es Afirmativas e Pol\u00edticas Estudantis, no uso de suas atribui\u00e7\u00f5es, publica retifica\u00e7\u00e3o junto ao Edital 002\/2015 &#8211; Aux\u00edlio Eventos: &nbsp; Retifica\u00e7\u00e3o Edital 02-2015 Aux\u00edlio Eventos<\/p>\n","protected":false},"author":229,"featured_media":0,"comment_status":"closed","ping_status":"closed","sticky":false,"template":"","format":"standard","meta":{"footnotes":""},"categories":[38890,76148,1],"tags":[],"class_list":["post-4236","post","type-post","status-publish","format-standard","hentry","category-editais-politica-estudantil","category-editais-2015","category-noticias"],"jetpack_featured_media_url":"","_links":{"self":[{"href":"https:\/\/wp.ufpel.edu.br\/prae\/wp-json\/wp\/v2\/posts\/4236","targetHints":{"allow":["GET"]}}],"collection":[{"href":"https:\/\/wp.ufpel.edu.br\/prae\/wp-json\/wp\/v2\/posts"}],"about":[{"href":"https:\/\/wp.ufpel.edu.br\/prae\/wp-json\/wp\/v2\/types\/post"}],"author":[{"embeddable":true,"href":"https:\/\/wp.ufpel.edu.br\/prae\/wp-json\/wp\/v2\/users\/229"}],"replies":[{"embeddable":true,"href":"https:\/\/wp.ufpel.edu.br\/prae\/wp-json\/wp\/v2\/comments?post=4236"}],"version-history":[{"count":1,"href":"https:\/\/wp.ufpel.edu.br\/prae\/wp-json\/wp\/v2\/posts\/4236\/revisions"}],"predecessor-version":[{"id":4238,"href":"https:\/\/wp.ufpel.edu.br\/prae\/wp-json\/wp\/v2\/posts\/4236\/revisions\/4238"}],"wp:attachment":[{"href":"https:\/\/wp.ufpel.edu.br\/prae\/wp-json\/wp\/v2\/media?parent=4236"}],"wp:term":[{"taxonomy":"category","embeddable":true,"href":"https:\/\/wp.ufpel.edu.br\/prae\/wp-json\/wp\/v2\/categories?post=4236"},{"taxonomy":"post_tag","embeddable":true,"href":"https:\/\/wp.ufpel.edu.br\/prae\/wp-json\/wp\/v2\/tags?post=4236"}],"curies":[{"name":"wp","href":"https:\/\/api.w.org\/{rel}","templated":true}]}}