{"id":4223,"date":"2015-03-27T12:39:20","date_gmt":"2015-03-27T15:39:20","guid":{"rendered":"https:\/\/wp.ufpel.edu.br\/prae\/?p=4223"},"modified":"2015-03-30T11:40:54","modified_gmt":"2015-03-30T14:40:54","slug":"selecionados-para-as-turmas-12-e-3-de-reforco-em-calculo","status":"publish","type":"post","link":"https:\/\/wp.ufpel.edu.br\/prae\/2015\/03\/27\/selecionados-para-as-turmas-12-e-3-de-reforco-em-calculo\/","title":{"rendered":"SELECIONADOS PARA AS TURMAS 1,2 E 3 DE REFOR\u00c7O EM C\u00c1LCULO"},"content":{"rendered":"<p style=\"text-align: justify\">O N\u00facleo Psicopedag\u00f3gico de Apoio ao Discente\/PRAE est\u00e1 divulgando os alunos selecionados para as aulas de Refor\u00e7o em C\u00e1lculo, que ser\u00e3o ministradas atrav\u00e9s da parceria com o Projeto GAMA do Instituto de F\u00edsica e Matem\u00e1tica e a Pr\u00f3 Reitoria de Gradua\u00e7\u00e3o. Nos arquivos em anexo seguem as turmas 1, com in\u00edcio na segunda-feira, dia 30\/03 (turno da tarde), turma 2, com in\u00edcio no dia 1\u00ba\/04 (turno da manh\u00e3) e turma 3, com in\u00edcio no dia 02\/04 (turno da manh\u00e3). \u00a0As aulas acontecer\u00e3o no pr\u00e9dio da PRAE \u2013 Avenida Bento Gon\u00e7alves n\u00ba 3395, Sala 09 (3\u00ba andar). Confira as listas:<\/p>\n<p style=\"text-align: justify\"><a href=\"https:\/\/wp.ufpel.edu.br\/prae\/files\/2015\/03\/Turma-01-segunda-feira-tarde.doc\">Turma 01 segunda feira tarde<\/a><\/p>\n<p style=\"text-align: justify\"><a href=\"https:\/\/wp.ufpel.edu.br\/prae\/files\/2015\/03\/Turma-02-quarta-feira-manh\u00e3.doc\">Turma 02 quarta feira manh\u00e3<\/a><\/p>\n<p style=\"text-align: justify\"><a href=\"https:\/\/wp.ufpel.edu.br\/prae\/files\/2015\/03\/Turma-03-quinta-feira-manh\u00e3...doc\">Turma 03 quinta feira manh\u00e3..<\/a><\/p>\n","protected":false},"excerpt":{"rendered":"<p>O N\u00facleo Psicopedag\u00f3gico de Apoio ao Discente\/PRAE est\u00e1 divulgando os alunos selecionados para as aulas de Refor\u00e7o em C\u00e1lculo, que ser\u00e3o ministradas atrav\u00e9s da parceria com o Projeto GAMA do Instituto de F\u00edsica e Matem\u00e1tica e a Pr\u00f3 Reitoria de Gradua\u00e7\u00e3o. Nos arquivos em anexo seguem as turmas 1, com in\u00edcio na segunda-feira, dia 30\/03 &hellip; <\/p>\n<p class=\"link-more\"><a href=\"https:\/\/wp.ufpel.edu.br\/prae\/2015\/03\/27\/selecionados-para-as-turmas-12-e-3-de-reforco-em-calculo\/\" class=\"more-link\">Continue lendo<span class=\"screen-reader-text\"> &#8220;SELECIONADOS PARA AS TURMAS 1,2 E 3 DE REFOR\u00c7O EM C\u00c1LCULO&#8221;<\/span><\/a><\/p>\n","protected":false},"author":229,"featured_media":0,"comment_status":"closed","ping_status":"closed","sticky":false,"template":"","format":"standard","meta":{"footnotes":""},"categories":[1],"tags":[],"class_list":["post-4223","post","type-post","status-publish","format-standard","hentry","category-noticias"],"jetpack_featured_media_url":"","_links":{"self":[{"href":"https:\/\/wp.ufpel.edu.br\/prae\/wp-json\/wp\/v2\/posts\/4223","targetHints":{"allow":["GET"]}}],"collection":[{"href":"https:\/\/wp.ufpel.edu.br\/prae\/wp-json\/wp\/v2\/posts"}],"about":[{"href":"https:\/\/wp.ufpel.edu.br\/prae\/wp-json\/wp\/v2\/types\/post"}],"author":[{"embeddable":true,"href":"https:\/\/wp.ufpel.edu.br\/prae\/wp-json\/wp\/v2\/users\/229"}],"replies":[{"embeddable":true,"href":"https:\/\/wp.ufpel.edu.br\/prae\/wp-json\/wp\/v2\/comments?post=4223"}],"version-history":[{"count":2,"href":"https:\/\/wp.ufpel.edu.br\/prae\/wp-json\/wp\/v2\/posts\/4223\/revisions"}],"predecessor-version":[{"id":4230,"href":"https:\/\/wp.ufpel.edu.br\/prae\/wp-json\/wp\/v2\/posts\/4223\/revisions\/4230"}],"wp:attachment":[{"href":"https:\/\/wp.ufpel.edu.br\/prae\/wp-json\/wp\/v2\/media?parent=4223"}],"wp:term":[{"taxonomy":"category","embeddable":true,"href":"https:\/\/wp.ufpel.edu.br\/prae\/wp-json\/wp\/v2\/categories?post=4223"},{"taxonomy":"post_tag","embeddable":true,"href":"https:\/\/wp.ufpel.edu.br\/prae\/wp-json\/wp\/v2\/tags?post=4223"}],"curies":[{"name":"wp","href":"https:\/\/api.w.org\/{rel}","templated":true}]}}