{"id":3986,"date":"2015-01-26T14:00:24","date_gmt":"2015-01-26T16:00:24","guid":{"rendered":"https:\/\/wp.ufpel.edu.br\/prae\/?p=3986"},"modified":"2017-04-10T13:03:55","modified_gmt":"2017-04-10T16:03:55","slug":"resultado-dos-recursos-do-edital-012015-de-auxilio-eventos","status":"publish","type":"post","link":"https:\/\/wp.ufpel.edu.br\/prae\/2015\/01\/26\/resultado-dos-recursos-do-edital-012015-de-auxilio-eventos\/","title":{"rendered":"Resultado dos Recursos do Edital 01\/2015 de Aux\u00edlio Eventos"},"content":{"rendered":"<p>A Pr\u00f3-Reitoria de Assuntos Estudantis (PRAE), atrav\u00e9s da Coordena\u00e7\u00e3o de A\u00e7\u00f5es Afirmativas e Pol\u00edticas Estudantis (CAPE), torna p\u00fablico o resultado dos Recursos do Edital 001\/2015 de Aux\u00edlio Eventos:<\/p>\n<p><a href=\"https:\/\/wp.ufpel.edu.br\/prae\/files\/2015\/01\/Resultado-dos-Recursos-Edital-01-2015-Aux\u00edlio-Eventos.pdf\">Resultado dos Recursos &#8211; Edital 01-2015 Aux\u00edlio Eventos<\/a><\/p>\n","protected":false},"excerpt":{"rendered":"<p>A Pr\u00f3-Reitoria de Assuntos Estudantis (PRAE), atrav\u00e9s da Coordena\u00e7\u00e3o de A\u00e7\u00f5es Afirmativas e Pol\u00edticas Estudantis (CAPE), torna p\u00fablico o resultado dos Recursos do Edital 001\/2015 de Aux\u00edlio Eventos: Resultado dos Recursos &#8211; Edital 01-2015 Aux\u00edlio Eventos<\/p>\n","protected":false},"author":229,"featured_media":0,"comment_status":"closed","ping_status":"closed","sticky":false,"template":"","format":"standard","meta":{"footnotes":""},"categories":[76143,38890,76148,1],"tags":[],"class_list":["post-3986","post","type-post","status-publish","format-standard","hentry","category-auxilio-eventos","category-editais-politica-estudantil","category-editais-2015","category-noticias"],"jetpack_featured_media_url":"","_links":{"self":[{"href":"https:\/\/wp.ufpel.edu.br\/prae\/wp-json\/wp\/v2\/posts\/3986","targetHints":{"allow":["GET"]}}],"collection":[{"href":"https:\/\/wp.ufpel.edu.br\/prae\/wp-json\/wp\/v2\/posts"}],"about":[{"href":"https:\/\/wp.ufpel.edu.br\/prae\/wp-json\/wp\/v2\/types\/post"}],"author":[{"embeddable":true,"href":"https:\/\/wp.ufpel.edu.br\/prae\/wp-json\/wp\/v2\/users\/229"}],"replies":[{"embeddable":true,"href":"https:\/\/wp.ufpel.edu.br\/prae\/wp-json\/wp\/v2\/comments?post=3986"}],"version-history":[{"count":1,"href":"https:\/\/wp.ufpel.edu.br\/prae\/wp-json\/wp\/v2\/posts\/3986\/revisions"}],"predecessor-version":[{"id":3988,"href":"https:\/\/wp.ufpel.edu.br\/prae\/wp-json\/wp\/v2\/posts\/3986\/revisions\/3988"}],"wp:attachment":[{"href":"https:\/\/wp.ufpel.edu.br\/prae\/wp-json\/wp\/v2\/media?parent=3986"}],"wp:term":[{"taxonomy":"category","embeddable":true,"href":"https:\/\/wp.ufpel.edu.br\/prae\/wp-json\/wp\/v2\/categories?post=3986"},{"taxonomy":"post_tag","embeddable":true,"href":"https:\/\/wp.ufpel.edu.br\/prae\/wp-json\/wp\/v2\/tags?post=3986"}],"curies":[{"name":"wp","href":"https:\/\/api.w.org\/{rel}","templated":true}]}}