{"id":3984,"date":"2015-01-23T09:10:15","date_gmt":"2015-01-23T11:10:15","guid":{"rendered":"https:\/\/wp.ufpel.edu.br\/prae\/?p=3984"},"modified":"2015-01-23T09:10:15","modified_gmt":"2015-01-23T11:10:15","slug":"bolsa-permanencia","status":"publish","type":"post","link":"https:\/\/wp.ufpel.edu.br\/prae\/2015\/01\/23\/bolsa-permanencia\/","title":{"rendered":"BOLSA PERMAN\u00caNCIA"},"content":{"rendered":"<p>Informamos que o atendimento da PRAE para acompanhamento dos pedidos e esclarecimento de d\u00favidas referentes ao Programa Bolsa Perman\u00eancia estar\u00e1 suspenso a partir do dia 26 de janeiro, sendo mantido o recebimento de documenta\u00e7\u00e3o tanto na Coordena\u00e7\u00e3o de Integra\u00e7\u00e3o Estudantil quando na PRAE.<\/p>\n<p>O atendimento retornar\u00e1 ao seu hor\u00e1rio normal a partir de 02 de mar\u00e7o.<\/p>\n","protected":false},"excerpt":{"rendered":"<p>Informamos que o atendimento da PRAE para acompanhamento dos pedidos e esclarecimento de d\u00favidas referentes ao Programa Bolsa Perman\u00eancia estar\u00e1 suspenso a partir do dia 26 de janeiro, sendo mantido o recebimento de documenta\u00e7\u00e3o tanto na Coordena\u00e7\u00e3o de Integra\u00e7\u00e3o Estudantil quando na PRAE. O atendimento retornar\u00e1 ao seu hor\u00e1rio normal a partir de 02 de &hellip; <\/p>\n<p class=\"link-more\"><a href=\"https:\/\/wp.ufpel.edu.br\/prae\/2015\/01\/23\/bolsa-permanencia\/\" class=\"more-link\">Continue lendo<span class=\"screen-reader-text\"> &#8220;BOLSA PERMAN\u00caNCIA&#8221;<\/span><\/a><\/p>\n","protected":false},"author":229,"featured_media":0,"comment_status":"closed","ping_status":"closed","sticky":false,"template":"","format":"standard","meta":{"footnotes":""},"categories":[1],"tags":[],"class_list":["post-3984","post","type-post","status-publish","format-standard","hentry","category-noticias"],"jetpack_featured_media_url":"","_links":{"self":[{"href":"https:\/\/wp.ufpel.edu.br\/prae\/wp-json\/wp\/v2\/posts\/3984","targetHints":{"allow":["GET"]}}],"collection":[{"href":"https:\/\/wp.ufpel.edu.br\/prae\/wp-json\/wp\/v2\/posts"}],"about":[{"href":"https:\/\/wp.ufpel.edu.br\/prae\/wp-json\/wp\/v2\/types\/post"}],"author":[{"embeddable":true,"href":"https:\/\/wp.ufpel.edu.br\/prae\/wp-json\/wp\/v2\/users\/229"}],"replies":[{"embeddable":true,"href":"https:\/\/wp.ufpel.edu.br\/prae\/wp-json\/wp\/v2\/comments?post=3984"}],"version-history":[{"count":1,"href":"https:\/\/wp.ufpel.edu.br\/prae\/wp-json\/wp\/v2\/posts\/3984\/revisions"}],"predecessor-version":[{"id":3985,"href":"https:\/\/wp.ufpel.edu.br\/prae\/wp-json\/wp\/v2\/posts\/3984\/revisions\/3985"}],"wp:attachment":[{"href":"https:\/\/wp.ufpel.edu.br\/prae\/wp-json\/wp\/v2\/media?parent=3984"}],"wp:term":[{"taxonomy":"category","embeddable":true,"href":"https:\/\/wp.ufpel.edu.br\/prae\/wp-json\/wp\/v2\/categories?post=3984"},{"taxonomy":"post_tag","embeddable":true,"href":"https:\/\/wp.ufpel.edu.br\/prae\/wp-json\/wp\/v2\/tags?post=3984"}],"curies":[{"name":"wp","href":"https:\/\/api.w.org\/{rel}","templated":true}]}}