{"id":3972,"date":"2015-01-21T13:21:14","date_gmt":"2015-01-21T15:21:14","guid":{"rendered":"https:\/\/wp.ufpel.edu.br\/prae\/?p=3972"},"modified":"2015-01-21T13:21:14","modified_gmt":"2015-01-21T15:21:14","slug":"relacao-de-alunos-com-informacoes-pendentes","status":"publish","type":"post","link":"https:\/\/wp.ufpel.edu.br\/prae\/2015\/01\/21\/relacao-de-alunos-com-informacoes-pendentes\/","title":{"rendered":"Rela\u00e7\u00e3o de alunos com informa\u00e7\u00f5es pendentes"},"content":{"rendered":"<p>Rela\u00e7\u00e3o de alunos que devem entrar em contato, at\u00e9 sexta (23), com a Coordenadoria de Benef\u00edcios \u2013 PRAE (Av Bento Gon\u00e7alves 3395 ou pelo telefone 32224318) para atualiza\u00e7\u00e3o de dados afim de pagamento retroativo ao per\u00edodo de recesso do Restaurante Universit\u00e1rio:<\/p>\n<p>12102868<\/p>\n<p>12101829<\/p>\n<p>13100466<\/p>\n<p>13104478<\/p>\n<p>12100503<\/p>\n<p>11106550<\/p>\n<p>11106928<\/p>\n<p>&nbsp;<\/p>\n<p>Alunos que devem entrar em contato para atualiza\u00e7\u00e3o de dados referentes ao Programa Aux\u00edlio Moradia:<\/p>\n<p>14100243<\/p>\n<p>14200105<\/p>\n","protected":false},"excerpt":{"rendered":"<p>Rela\u00e7\u00e3o de alunos que devem entrar em contato, at\u00e9 sexta (23), com a Coordenadoria de Benef\u00edcios \u2013 PRAE (Av Bento Gon\u00e7alves 3395 ou pelo telefone 32224318) para atualiza\u00e7\u00e3o de dados afim de pagamento retroativo ao per\u00edodo de recesso do Restaurante Universit\u00e1rio: 12102868 12101829 13100466 13104478 12100503 11106550 11106928 &nbsp; Alunos que devem entrar em contato &hellip; <\/p>\n<p class=\"link-more\"><a href=\"https:\/\/wp.ufpel.edu.br\/prae\/2015\/01\/21\/relacao-de-alunos-com-informacoes-pendentes\/\" class=\"more-link\">Continue lendo<span class=\"screen-reader-text\"> &#8220;Rela\u00e7\u00e3o de alunos com informa\u00e7\u00f5es pendentes&#8221;<\/span><\/a><\/p>\n","protected":false},"author":229,"featured_media":0,"comment_status":"closed","ping_status":"closed","sticky":false,"template":"","format":"standard","meta":{"footnotes":""},"categories":[1],"tags":[],"class_list":["post-3972","post","type-post","status-publish","format-standard","hentry","category-noticias"],"jetpack_featured_media_url":"","_links":{"self":[{"href":"https:\/\/wp.ufpel.edu.br\/prae\/wp-json\/wp\/v2\/posts\/3972","targetHints":{"allow":["GET"]}}],"collection":[{"href":"https:\/\/wp.ufpel.edu.br\/prae\/wp-json\/wp\/v2\/posts"}],"about":[{"href":"https:\/\/wp.ufpel.edu.br\/prae\/wp-json\/wp\/v2\/types\/post"}],"author":[{"embeddable":true,"href":"https:\/\/wp.ufpel.edu.br\/prae\/wp-json\/wp\/v2\/users\/229"}],"replies":[{"embeddable":true,"href":"https:\/\/wp.ufpel.edu.br\/prae\/wp-json\/wp\/v2\/comments?post=3972"}],"version-history":[{"count":2,"href":"https:\/\/wp.ufpel.edu.br\/prae\/wp-json\/wp\/v2\/posts\/3972\/revisions"}],"predecessor-version":[{"id":3974,"href":"https:\/\/wp.ufpel.edu.br\/prae\/wp-json\/wp\/v2\/posts\/3972\/revisions\/3974"}],"wp:attachment":[{"href":"https:\/\/wp.ufpel.edu.br\/prae\/wp-json\/wp\/v2\/media?parent=3972"}],"wp:term":[{"taxonomy":"category","embeddable":true,"href":"https:\/\/wp.ufpel.edu.br\/prae\/wp-json\/wp\/v2\/categories?post=3972"},{"taxonomy":"post_tag","embeddable":true,"href":"https:\/\/wp.ufpel.edu.br\/prae\/wp-json\/wp\/v2\/tags?post=3972"}],"curies":[{"name":"wp","href":"https:\/\/api.w.org\/{rel}","templated":true}]}}