{"id":3802,"date":"2014-11-18T22:23:41","date_gmt":"2014-11-19T00:23:41","guid":{"rendered":"https:\/\/wp.ufpel.edu.br\/prae\/?p=3802"},"modified":"2014-11-18T22:23:41","modified_gmt":"2014-11-19T00:23:41","slug":"expediente-interno-nos-dias-24-25-e-26-de-novembro","status":"publish","type":"post","link":"https:\/\/wp.ufpel.edu.br\/prae\/2014\/11\/18\/expediente-interno-nos-dias-24-25-e-26-de-novembro\/","title":{"rendered":"Expediente interno nos dias 24 , 25 e 26 de novembro."},"content":{"rendered":"<p>A Pr\u00f3-Reitoria de Assuntos Estudantis (Prae) informa que n\u00e3o ter\u00e1 atendimento externo nos dias 24, 25 e 26 de novembro em fun\u00e7\u00e3o da libera\u00e7\u00e3o de servidores interessados em participar do Encontro de Desenvolvimento promovido pela Pr\u00f3-Reitoria de Gest\u00e3o de Pessoas (Progep), atendendo recomenda\u00e7\u00e3o da mesma:<\/p>\n<p><a href=\"http:\/\/ccs2.ufpel.edu.br\/wp\/2014\/11\/18\/progep-lanca-nota-sobre-liberacao-de-servidores-para-encontro-de-desenvolvimento\/?utm_source=twitterfeed&amp;utm_medium=facebook\">Progep lan\u00e7a nota sobre libera\u00e7\u00e3o de servidores para Encontro de Desenvolvimento<\/a><\/p>\n<p>&nbsp;<\/p>\n<h1><\/h1>\n","protected":false},"excerpt":{"rendered":"<p>A Pr\u00f3-Reitoria de Assuntos Estudantis (Prae) informa que n\u00e3o ter\u00e1 atendimento externo nos dias 24, 25 e 26 de novembro em fun\u00e7\u00e3o da libera\u00e7\u00e3o de servidores interessados em participar do Encontro de Desenvolvimento promovido pela Pr\u00f3-Reitoria de Gest\u00e3o de Pessoas (Progep), atendendo recomenda\u00e7\u00e3o da mesma: Progep lan\u00e7a nota sobre libera\u00e7\u00e3o de servidores para Encontro de &hellip; <\/p>\n<p class=\"link-more\"><a href=\"https:\/\/wp.ufpel.edu.br\/prae\/2014\/11\/18\/expediente-interno-nos-dias-24-25-e-26-de-novembro\/\" class=\"more-link\">Continue lendo<span class=\"screen-reader-text\"> &#8220;Expediente interno nos dias 24 , 25 e 26 de novembro.&#8221;<\/span><\/a><\/p>\n","protected":false},"author":229,"featured_media":0,"comment_status":"closed","ping_status":"closed","sticky":false,"template":"","format":"standard","meta":{"footnotes":""},"categories":[1],"tags":[],"class_list":["post-3802","post","type-post","status-publish","format-standard","hentry","category-noticias"],"jetpack_featured_media_url":"","_links":{"self":[{"href":"https:\/\/wp.ufpel.edu.br\/prae\/wp-json\/wp\/v2\/posts\/3802","targetHints":{"allow":["GET"]}}],"collection":[{"href":"https:\/\/wp.ufpel.edu.br\/prae\/wp-json\/wp\/v2\/posts"}],"about":[{"href":"https:\/\/wp.ufpel.edu.br\/prae\/wp-json\/wp\/v2\/types\/post"}],"author":[{"embeddable":true,"href":"https:\/\/wp.ufpel.edu.br\/prae\/wp-json\/wp\/v2\/users\/229"}],"replies":[{"embeddable":true,"href":"https:\/\/wp.ufpel.edu.br\/prae\/wp-json\/wp\/v2\/comments?post=3802"}],"version-history":[{"count":2,"href":"https:\/\/wp.ufpel.edu.br\/prae\/wp-json\/wp\/v2\/posts\/3802\/revisions"}],"predecessor-version":[{"id":3804,"href":"https:\/\/wp.ufpel.edu.br\/prae\/wp-json\/wp\/v2\/posts\/3802\/revisions\/3804"}],"wp:attachment":[{"href":"https:\/\/wp.ufpel.edu.br\/prae\/wp-json\/wp\/v2\/media?parent=3802"}],"wp:term":[{"taxonomy":"category","embeddable":true,"href":"https:\/\/wp.ufpel.edu.br\/prae\/wp-json\/wp\/v2\/categories?post=3802"},{"taxonomy":"post_tag","embeddable":true,"href":"https:\/\/wp.ufpel.edu.br\/prae\/wp-json\/wp\/v2\/tags?post=3802"}],"curies":[{"name":"wp","href":"https:\/\/api.w.org\/{rel}","templated":true}]}}