{"id":3779,"date":"2014-11-13T12:42:44","date_gmt":"2014-11-13T14:42:44","guid":{"rendered":"https:\/\/wp.ufpel.edu.br\/prae\/?p=3779"},"modified":"2014-11-13T12:42:44","modified_gmt":"2014-11-13T14:42:44","slug":"alunos-selecionados-para-as-oficinas-de-atencao-e-concentracao","status":"publish","type":"post","link":"https:\/\/wp.ufpel.edu.br\/prae\/2014\/11\/13\/alunos-selecionados-para-as-oficinas-de-atencao-e-concentracao\/","title":{"rendered":"ALUNOS SELECIONADOS PARA AS OFICINAS DE ATEN\u00c7\u00c3O E CONCENTRA\u00c7\u00c3O"},"content":{"rendered":"<p>O N\u00facleo Psicopedag\u00f3gico de Apoio ao Discente da Pr\u00f3-Reitoria de Assuntos Estudantis divulga a lista dos alunos inscritos para a Oficina de Aten\u00e7\u00e3o e Concentra\u00e7\u00e3o.<\/p>\n<p>Informamos que todos os alunos que enviaram a ficha de inscri\u00e7\u00e3o foram contemplados e por isso vamos realizar duas turmas: uma no dia 14\/11 e outra no dia 28\/11. Em raz\u00e3o do n\u00famero de alunos, o local de realiza\u00e7\u00e3o das oficinas ser\u00e1 no pr\u00e9dio do Curso de Geografia, antigo col\u00e9gio Salis Goulart, na Rua F\u00e9lix da Cunha, 520, entrada pela Tiradentes.<\/p>\n<p>O hor\u00e1rio ser\u00e1 das 8:30 \u00e0s 11:30 tanto para a turma 1 como para a turma 2.<\/p>\n<p>&nbsp;<\/p>\n<p>&nbsp;<\/p>\n<p><strong>Turma 1 \u2013 14\/11\/2014 \u2013 SALA 108, F\u00e9lix da Cunha 520 (Pr\u00e9dio Curso de Geografia)<\/strong><\/p>\n<p><strong>\u00a0<\/strong><\/p>\n<p>Rafael Gon\u00e7alves da Silveira<\/p>\n<p>Mateus Terribele Leme<\/p>\n<p>Pedro M\u00e1rlon Martter Moura<\/p>\n<p>Eustaquio Alves dos Santos<\/p>\n<p>Rebecca Alves Aroca<\/p>\n<p>Muriell Severo Blaas<\/p>\n<p>Mario Sampaio de Oliveira<\/p>\n<p>Cl\u00e1udio Roberto Pinho Pinto Duran<\/p>\n<p>Camila de Avila Nunes<\/p>\n<p>Seila Marisa da Cunha Islab\u00e3o<\/p>\n<p>Guilherme Rodrigues de Rodrigues<\/p>\n<p>Rosana dos Santos Rodrigues<\/p>\n<p>Eder Geovane Schmitt<\/p>\n<p>Susane Martineli<\/p>\n<p>Eduardo Cardoso<\/p>\n<p>C\u00e9sar Augusto Gaioso Filho<\/p>\n<p>Paulo Roberto Costa Cruz Junior<\/p>\n<p>Viviane Seixas Cardoso Vieira<\/p>\n<p>Tayana Bastos da Silva<\/p>\n<p>Karla Pereira Machado<\/p>\n<p>Andr\u00e9 Alba<\/p>\n<p>Rafael Bederode Becker<\/p>\n<p>&nbsp;<\/p>\n<p>&nbsp;<\/p>\n<p><strong>Turma 2 &#8211; 28\/11\/2014, SALA 103, F\u00e9lix da Cunha 520 (Pr\u00e9dio Curso de Geografia)<\/strong><\/p>\n<p>Rachel Prates Mundim<\/p>\n<p>Bruna de Souza Weber<\/p>\n<p>Naigara Gardelin Gazola<\/p>\n<p>Bruna Teixeira Correa<\/p>\n<p>Gabriele de Oliveira Pinto<\/p>\n<p>Scheila Nunes Meira<\/p>\n<p>Leon Mclouis Borges de Lucas<\/p>\n<p>Lu\u00edsa Siqueira Gielow<\/p>\n<p>Estelamaris Dezordi<\/p>\n<p>Ana Lucia Rodrigues de Oliveira<\/p>\n<p>Sandra Samira Tavares Miranda<\/p>\n<p>Natali Denis de Almeida dos Santos<\/p>\n<p>Tupay Tavares Machado<\/p>\n<p>Rafael da Silva Silveira<\/p>\n<p>Luciana Shigihara Lima<\/p>\n<p>Alberto Andr\u00e9 Marques Ritta<\/p>\n<p>Fabr\u00edcio Daniel Borghini Pazuello<\/p>\n<p>Luis Henrique Ferreira Dias<\/p>\n<p>Lisete de Oliveira Jardim<\/p>\n<p>J\u00e9ssica Rodrigues Gon\u00e7alves<\/p>\n<p>Celoi Borges Souza<\/p>\n<p>Josimara Gon\u00e7alves Schuster<\/p>\n<p>Fl\u00e1via Fetter Gomes<\/p>\n","protected":false},"excerpt":{"rendered":"<p>O N\u00facleo Psicopedag\u00f3gico de Apoio ao Discente da Pr\u00f3-Reitoria de Assuntos Estudantis divulga a lista dos alunos inscritos para a Oficina de Aten\u00e7\u00e3o e Concentra\u00e7\u00e3o. Informamos que todos os alunos que enviaram a ficha de inscri\u00e7\u00e3o foram contemplados e por isso vamos realizar duas turmas: uma no dia 14\/11 e outra no dia 28\/11. Em &hellip; <\/p>\n<p class=\"link-more\"><a href=\"https:\/\/wp.ufpel.edu.br\/prae\/2014\/11\/13\/alunos-selecionados-para-as-oficinas-de-atencao-e-concentracao\/\" class=\"more-link\">Continue lendo<span class=\"screen-reader-text\"> &#8220;ALUNOS SELECIONADOS PARA AS OFICINAS DE ATEN\u00c7\u00c3O E CONCENTRA\u00c7\u00c3O&#8221;<\/span><\/a><\/p>\n","protected":false},"author":229,"featured_media":0,"comment_status":"closed","ping_status":"closed","sticky":false,"template":"","format":"standard","meta":{"footnotes":""},"categories":[1],"tags":[],"class_list":["post-3779","post","type-post","status-publish","format-standard","hentry","category-noticias"],"jetpack_featured_media_url":"","_links":{"self":[{"href":"https:\/\/wp.ufpel.edu.br\/prae\/wp-json\/wp\/v2\/posts\/3779","targetHints":{"allow":["GET"]}}],"collection":[{"href":"https:\/\/wp.ufpel.edu.br\/prae\/wp-json\/wp\/v2\/posts"}],"about":[{"href":"https:\/\/wp.ufpel.edu.br\/prae\/wp-json\/wp\/v2\/types\/post"}],"author":[{"embeddable":true,"href":"https:\/\/wp.ufpel.edu.br\/prae\/wp-json\/wp\/v2\/users\/229"}],"replies":[{"embeddable":true,"href":"https:\/\/wp.ufpel.edu.br\/prae\/wp-json\/wp\/v2\/comments?post=3779"}],"version-history":[{"count":1,"href":"https:\/\/wp.ufpel.edu.br\/prae\/wp-json\/wp\/v2\/posts\/3779\/revisions"}],"predecessor-version":[{"id":3780,"href":"https:\/\/wp.ufpel.edu.br\/prae\/wp-json\/wp\/v2\/posts\/3779\/revisions\/3780"}],"wp:attachment":[{"href":"https:\/\/wp.ufpel.edu.br\/prae\/wp-json\/wp\/v2\/media?parent=3779"}],"wp:term":[{"taxonomy":"category","embeddable":true,"href":"https:\/\/wp.ufpel.edu.br\/prae\/wp-json\/wp\/v2\/categories?post=3779"},{"taxonomy":"post_tag","embeddable":true,"href":"https:\/\/wp.ufpel.edu.br\/prae\/wp-json\/wp\/v2\/tags?post=3779"}],"curies":[{"name":"wp","href":"https:\/\/api.w.org\/{rel}","templated":true}]}}