{"id":3377,"date":"2014-09-03T18:10:08","date_gmt":"2014-09-03T21:10:08","guid":{"rendered":"https:\/\/wp.ufpel.edu.br\/prae\/?p=3377"},"modified":"2017-04-10T13:28:53","modified_gmt":"2017-04-10T16:28:53","slug":"edital-0042014-auxilio-eventos","status":"publish","type":"post","link":"https:\/\/wp.ufpel.edu.br\/prae\/2014\/09\/03\/edital-0042014-auxilio-eventos\/","title":{"rendered":"EDITAL 004\/2014 AUX\u00cdLIO EVENTOS"},"content":{"rendered":"<p><strong><a href=\"https:\/\/wp.ufpel.edu.br\/prae\/files\/2014\/09\/EDITAL-Aux\u00edlio-Eventos-004-2014.pdf\">EDITAL Aux\u00edlio Eventos 004\/2014<\/a><\/strong><\/p>\n<p><a href=\"https:\/\/wp.ufpel.edu.br\/prae\/files\/2014\/09\/Anexo-I-Autoriza\u00e7\u00e3o-para-menor-de-Idade-Participar-do-Edital1.doc\">Anexo I &#8211; Autoriza\u00e7\u00e3o para menor de Idade Participar do Edital<\/a><\/p>\n<p><a href=\"https:\/\/wp.ufpel.edu.br\/prae\/files\/2014\/09\/Anexo-II-Formul\u00e1rio-para-Organiza\u00e7\u00e3o-de-Eventos1.docx\">Anexo II &#8211; Formul\u00e1rio para Organiza\u00e7\u00e3o de Eventos<\/a><\/p>\n<p><a href=\"https:\/\/wp.ufpel.edu.br\/prae\/files\/2014\/09\/Anexo-III-Formul\u00e1rio-de-Participa\u00e7\u00e3o-Individual-em-Eventos.doc\">Anexo III &#8211; Formul\u00e1rio de Participa\u00e7\u00e3o Individual em Eventos<\/a><\/p>\n<p><a href=\"https:\/\/wp.ufpel.edu.br\/prae\/files\/2014\/09\/Anexo-IV-Formul\u00e1rio-de-Participa\u00e7\u00e3o-Coletiva-em-Eventos.doc\">Anexo IV &#8211; Formul\u00e1rio de Participa\u00e7\u00e3o Coletiva em Eventos<\/a><\/p>\n<p><a href=\"https:\/\/wp.ufpel.edu.br\/prae\/files\/2014\/09\/Anexo-V-Lista-de-Passageiros.docx\">Anexo-V-Lista-de-Passageiros<\/a><\/p>\n<p><a href=\"https:\/\/wp.ufpel.edu.br\/prae\/files\/2014\/09\/Anexo-VI-Termo-de-Responsabilidade.doc\">Anexo VI &#8211; Termo de Responsabilidade<\/a><\/p>\n<p><a href=\"https:\/\/wp.ufpel.edu.br\/prae\/files\/2014\/09\/Anexo-VII-Relat\u00f3rio-de-Viagem1.doc\">Anexo-VII-Relat\u00f3rio-de-Viagem<\/a><\/p>\n<p>&nbsp;<\/p>\n<p>&nbsp;<\/p>\n<p>&nbsp;<\/p>\n<p>&nbsp;<\/p>\n","protected":false},"excerpt":{"rendered":"<p>EDITAL Aux\u00edlio Eventos 004\/2014 Anexo I &#8211; Autoriza\u00e7\u00e3o para menor de Idade Participar do Edital Anexo II &#8211; Formul\u00e1rio para Organiza\u00e7\u00e3o de Eventos Anexo III &#8211; Formul\u00e1rio de Participa\u00e7\u00e3o Individual em Eventos Anexo IV &#8211; Formul\u00e1rio de Participa\u00e7\u00e3o Coletiva em Eventos Anexo-V-Lista-de-Passageiros Anexo VI &#8211; Termo de Responsabilidade Anexo-VII-Relat\u00f3rio-de-Viagem &nbsp; &nbsp; &nbsp; &nbsp;<\/p>\n","protected":false},"author":229,"featured_media":0,"comment_status":"closed","ping_status":"closed","sticky":false,"template":"","format":"standard","meta":{"footnotes":""},"categories":[38890,76151,1],"tags":[],"class_list":["post-3377","post","type-post","status-publish","format-standard","hentry","category-editais-politica-estudantil","category-editais-2014","category-noticias"],"jetpack_featured_media_url":"","_links":{"self":[{"href":"https:\/\/wp.ufpel.edu.br\/prae\/wp-json\/wp\/v2\/posts\/3377","targetHints":{"allow":["GET"]}}],"collection":[{"href":"https:\/\/wp.ufpel.edu.br\/prae\/wp-json\/wp\/v2\/posts"}],"about":[{"href":"https:\/\/wp.ufpel.edu.br\/prae\/wp-json\/wp\/v2\/types\/post"}],"author":[{"embeddable":true,"href":"https:\/\/wp.ufpel.edu.br\/prae\/wp-json\/wp\/v2\/users\/229"}],"replies":[{"embeddable":true,"href":"https:\/\/wp.ufpel.edu.br\/prae\/wp-json\/wp\/v2\/comments?post=3377"}],"version-history":[{"count":5,"href":"https:\/\/wp.ufpel.edu.br\/prae\/wp-json\/wp\/v2\/posts\/3377\/revisions"}],"predecessor-version":[{"id":3432,"href":"https:\/\/wp.ufpel.edu.br\/prae\/wp-json\/wp\/v2\/posts\/3377\/revisions\/3432"}],"wp:attachment":[{"href":"https:\/\/wp.ufpel.edu.br\/prae\/wp-json\/wp\/v2\/media?parent=3377"}],"wp:term":[{"taxonomy":"category","embeddable":true,"href":"https:\/\/wp.ufpel.edu.br\/prae\/wp-json\/wp\/v2\/categories?post=3377"},{"taxonomy":"post_tag","embeddable":true,"href":"https:\/\/wp.ufpel.edu.br\/prae\/wp-json\/wp\/v2\/tags?post=3377"}],"curies":[{"name":"wp","href":"https:\/\/api.w.org\/{rel}","templated":true}]}}