{"id":3125,"date":"2014-07-14T11:38:46","date_gmt":"2014-07-14T14:38:46","guid":{"rendered":"https:\/\/wp.ufpel.edu.br\/prae\/?p=3125"},"modified":"2014-07-14T11:39:37","modified_gmt":"2014-07-14T14:39:37","slug":"edital-15-cotas-sociais-sisu","status":"publish","type":"post","link":"https:\/\/wp.ufpel.edu.br\/prae\/2014\/07\/14\/edital-15-cotas-sociais-sisu\/","title":{"rendered":"Edital 15 &#8211; Cotas Sociais &#8211; SISU\/ENEM"},"content":{"rendered":"<p class=\"Default\" style=\"text-align: justify\"><span style=\"font-size: 10.0pt;color: windowtext\">A Pr\u00f3-Reitoria de Assuntos Estudantis (PRAE), atrav\u00e9s da Coordena\u00e7\u00e3o de Integra\u00e7\u00e3o Estudantil, torna p\u00fablico o processo de sele\u00e7\u00e3o para ingresso por cotas sociais.<\/span><\/p>\n<p class=\"Default\" style=\"text-align: justify\"><a href=\"https:\/\/wp.ufpel.edu.br\/prae\/files\/2014\/07\/Edital-15-cotas-inverno-2014.doc\">Edital 15 cotas inverno 2014<\/a><\/p>\n","protected":false},"excerpt":{"rendered":"<p>A Pr\u00f3-Reitoria de Assuntos Estudantis (PRAE), atrav\u00e9s da Coordena\u00e7\u00e3o de Integra\u00e7\u00e3o Estudantil, torna p\u00fablico o processo de sele\u00e7\u00e3o para ingresso por cotas sociais. Edital 15 cotas inverno 2014<\/p>\n","protected":false},"author":229,"featured_media":0,"comment_status":"closed","ping_status":"closed","sticky":false,"template":"","format":"standard","meta":{"footnotes":""},"categories":[38885],"tags":[],"class_list":["post-3125","post","type-post","status-publish","format-standard","hentry","category-editais"],"jetpack_featured_media_url":"","_links":{"self":[{"href":"https:\/\/wp.ufpel.edu.br\/prae\/wp-json\/wp\/v2\/posts\/3125","targetHints":{"allow":["GET"]}}],"collection":[{"href":"https:\/\/wp.ufpel.edu.br\/prae\/wp-json\/wp\/v2\/posts"}],"about":[{"href":"https:\/\/wp.ufpel.edu.br\/prae\/wp-json\/wp\/v2\/types\/post"}],"author":[{"embeddable":true,"href":"https:\/\/wp.ufpel.edu.br\/prae\/wp-json\/wp\/v2\/users\/229"}],"replies":[{"embeddable":true,"href":"https:\/\/wp.ufpel.edu.br\/prae\/wp-json\/wp\/v2\/comments?post=3125"}],"version-history":[{"count":2,"href":"https:\/\/wp.ufpel.edu.br\/prae\/wp-json\/wp\/v2\/posts\/3125\/revisions"}],"predecessor-version":[{"id":3128,"href":"https:\/\/wp.ufpel.edu.br\/prae\/wp-json\/wp\/v2\/posts\/3125\/revisions\/3128"}],"wp:attachment":[{"href":"https:\/\/wp.ufpel.edu.br\/prae\/wp-json\/wp\/v2\/media?parent=3125"}],"wp:term":[{"taxonomy":"category","embeddable":true,"href":"https:\/\/wp.ufpel.edu.br\/prae\/wp-json\/wp\/v2\/categories?post=3125"},{"taxonomy":"post_tag","embeddable":true,"href":"https:\/\/wp.ufpel.edu.br\/prae\/wp-json\/wp\/v2\/tags?post=3125"}],"curies":[{"name":"wp","href":"https:\/\/api.w.org\/{rel}","templated":true}]}}