{"id":3112,"date":"2014-07-09T14:01:06","date_gmt":"2014-07-09T17:01:06","guid":{"rendered":"https:\/\/wp.ufpel.edu.br\/prae\/?p=3112"},"modified":"2014-07-09T14:01:06","modified_gmt":"2014-07-09T17:01:06","slug":"atencao-dia-14072014-no-turno-da-manha-a-prae-anglo-tera-expediente-interno","status":"publish","type":"post","link":"https:\/\/wp.ufpel.edu.br\/prae\/2014\/07\/09\/atencao-dia-14072014-no-turno-da-manha-a-prae-anglo-tera-expediente-interno\/","title":{"rendered":"Aten\u00e7\u00e3o &#8211; Dia 14\/07\/2014, no turno da manh\u00e3, a PRAE-Anglo ter\u00e1 expediente interno!"},"content":{"rendered":"<p><span style=\"color: #000000;font-family: arial, helvetica, sans-serif;font-size: 12pt\">Em fun\u00e7\u00e3o da realiza\u00e7\u00e3o de reuni\u00e3o de trabalho, na segunda-feira, dia 14\/07\/2014, no turno da manh\u00e3, a PRAE-Anglo (Gabinete, Secretaria e Coordena\u00e7\u00e3o de Pol\u00edticas Estudantis) ter\u00e1 expediente interno.<\/span><\/p>\n","protected":false},"excerpt":{"rendered":"<p>Em fun\u00e7\u00e3o da realiza\u00e7\u00e3o de reuni\u00e3o de trabalho, na segunda-feira, dia 14\/07\/2014, no turno da manh\u00e3, a PRAE-Anglo (Gabinete, Secretaria e Coordena\u00e7\u00e3o de Pol\u00edticas Estudantis) ter\u00e1 expediente interno.<\/p>\n","protected":false},"author":229,"featured_media":0,"comment_status":"closed","ping_status":"closed","sticky":false,"template":"","format":"standard","meta":{"footnotes":""},"categories":[1],"tags":[],"class_list":["post-3112","post","type-post","status-publish","format-standard","hentry","category-noticias"],"jetpack_featured_media_url":"","_links":{"self":[{"href":"https:\/\/wp.ufpel.edu.br\/prae\/wp-json\/wp\/v2\/posts\/3112","targetHints":{"allow":["GET"]}}],"collection":[{"href":"https:\/\/wp.ufpel.edu.br\/prae\/wp-json\/wp\/v2\/posts"}],"about":[{"href":"https:\/\/wp.ufpel.edu.br\/prae\/wp-json\/wp\/v2\/types\/post"}],"author":[{"embeddable":true,"href":"https:\/\/wp.ufpel.edu.br\/prae\/wp-json\/wp\/v2\/users\/229"}],"replies":[{"embeddable":true,"href":"https:\/\/wp.ufpel.edu.br\/prae\/wp-json\/wp\/v2\/comments?post=3112"}],"version-history":[{"count":1,"href":"https:\/\/wp.ufpel.edu.br\/prae\/wp-json\/wp\/v2\/posts\/3112\/revisions"}],"predecessor-version":[{"id":3113,"href":"https:\/\/wp.ufpel.edu.br\/prae\/wp-json\/wp\/v2\/posts\/3112\/revisions\/3113"}],"wp:attachment":[{"href":"https:\/\/wp.ufpel.edu.br\/prae\/wp-json\/wp\/v2\/media?parent=3112"}],"wp:term":[{"taxonomy":"category","embeddable":true,"href":"https:\/\/wp.ufpel.edu.br\/prae\/wp-json\/wp\/v2\/categories?post=3112"},{"taxonomy":"post_tag","embeddable":true,"href":"https:\/\/wp.ufpel.edu.br\/prae\/wp-json\/wp\/v2\/tags?post=3112"}],"curies":[{"name":"wp","href":"https:\/\/api.w.org\/{rel}","templated":true}]}}