{"id":2817,"date":"2014-05-27T14:28:26","date_gmt":"2014-05-27T17:28:26","guid":{"rendered":"https:\/\/wp.ufpel.edu.br\/prae\/?p=2817"},"modified":"2017-04-25T10:53:29","modified_gmt":"2017-04-25T13:53:29","slug":"bolsas-de-iniciacao-ao-trabalho-selecionados","status":"publish","type":"post","link":"https:\/\/wp.ufpel.edu.br\/prae\/2014\/05\/27\/bolsas-de-iniciacao-ao-trabalho-selecionados\/","title":{"rendered":"Bolsas de inicia\u00e7\u00e3o ao Trabalho &#8211; Selecionados"},"content":{"rendered":"<p>Informamos abaixo a rela\u00e7\u00e3o dos alunos selecionados para a Bolsa de Inicia\u00e7\u00e3o ao Trabalho, os quais desempenhar\u00e3o suas atividades junto \u00e0 equipe da Coordena\u00e7\u00e3o de Integra\u00e7\u00e3o Estudantil.<\/p>\n<p>&#8211; Anna Raffaella Borges Kramer<\/p>\n<p>&#8211; Cid Pinheiro Farias<\/p>\n<p>&#8211; Franciele Ely das Neves<\/p>\n<p>&#8211; Isabella Maciel Heemann<\/p>\n<p>&#8211; Uelquer Guedes de Souza<\/p>\n<p>&#8211; Gregory Klain Lacaus<\/p>\n","protected":false},"excerpt":{"rendered":"<p>Informamos abaixo a rela\u00e7\u00e3o dos alunos selecionados para a Bolsa de Inicia\u00e7\u00e3o ao Trabalho, os quais desempenhar\u00e3o suas atividades junto \u00e0 equipe da Coordena\u00e7\u00e3o de Integra\u00e7\u00e3o Estudantil. &#8211; Anna Raffaella Borges Kramer &#8211; Cid Pinheiro Farias &#8211; Franciele Ely das Neves &#8211; Isabella Maciel Heemann &#8211; Uelquer Guedes de Souza &#8211; Gregory Klain Lacaus<\/p>\n","protected":false},"author":229,"featured_media":0,"comment_status":"closed","ping_status":"closed","sticky":false,"template":"","format":"standard","meta":{"footnotes":""},"categories":[76152,1],"tags":[],"class_list":["post-2817","post","type-post","status-publish","format-standard","hentry","category-editais-bolsas-de-iniciacao-ao-trabalho","category-noticias"],"jetpack_featured_media_url":"","_links":{"self":[{"href":"https:\/\/wp.ufpel.edu.br\/prae\/wp-json\/wp\/v2\/posts\/2817","targetHints":{"allow":["GET"]}}],"collection":[{"href":"https:\/\/wp.ufpel.edu.br\/prae\/wp-json\/wp\/v2\/posts"}],"about":[{"href":"https:\/\/wp.ufpel.edu.br\/prae\/wp-json\/wp\/v2\/types\/post"}],"author":[{"embeddable":true,"href":"https:\/\/wp.ufpel.edu.br\/prae\/wp-json\/wp\/v2\/users\/229"}],"replies":[{"embeddable":true,"href":"https:\/\/wp.ufpel.edu.br\/prae\/wp-json\/wp\/v2\/comments?post=2817"}],"version-history":[{"count":1,"href":"https:\/\/wp.ufpel.edu.br\/prae\/wp-json\/wp\/v2\/posts\/2817\/revisions"}],"predecessor-version":[{"id":2818,"href":"https:\/\/wp.ufpel.edu.br\/prae\/wp-json\/wp\/v2\/posts\/2817\/revisions\/2818"}],"wp:attachment":[{"href":"https:\/\/wp.ufpel.edu.br\/prae\/wp-json\/wp\/v2\/media?parent=2817"}],"wp:term":[{"taxonomy":"category","embeddable":true,"href":"https:\/\/wp.ufpel.edu.br\/prae\/wp-json\/wp\/v2\/categories?post=2817"},{"taxonomy":"post_tag","embeddable":true,"href":"https:\/\/wp.ufpel.edu.br\/prae\/wp-json\/wp\/v2\/tags?post=2817"}],"curies":[{"name":"wp","href":"https:\/\/api.w.org\/{rel}","templated":true}]}}