{"id":2814,"date":"2014-05-27T14:22:39","date_gmt":"2014-05-27T17:22:39","guid":{"rendered":"https:\/\/wp.ufpel.edu.br\/prae\/?p=2814"},"modified":"2014-05-27T14:23:06","modified_gmt":"2014-05-27T17:23:06","slug":"programa-auxilio-transporte-junho2014","status":"publish","type":"post","link":"https:\/\/wp.ufpel.edu.br\/prae\/2014\/05\/27\/programa-auxilio-transporte-junho2014\/","title":{"rendered":"Programa Aux\u00edlio Transporte &#8211; Junho\/2014"},"content":{"rendered":"<p style=\"text-align: center\"><span style=\"font-family: arial, helvetica, sans-serif\">PROGRAMA AUX\u00cdLIO TRANSPORTE<\/span><\/p>\n<p style=\"text-align: center\"><span style=\"font-family: arial, helvetica, sans-serif\">Informamos que a recarga do cart\u00e3o magn\u00e9tico (Vales Urbanos) para <strong>Junho\/2014<\/strong> ser\u00e1<br \/>\nDe <strong>02\/06 a 06\/06<\/strong><\/span><\/p>\n<p style=\"text-align: center\">LOCAL: SINDICATO DOS TRANSPORTES<\/p>\n<p style=\"text-align: center\"><span style=\"font-family: arial, helvetica, sans-serif\">Avenida Bento Gon\u00e7alves, 3372<\/span><\/p>\n<p style=\"text-align: center\"><span style=\"font-family: arial, helvetica, sans-serif\">HOR\u00c1RIO: 08:00 \u2013 18:00 (n\u00e3o fecha ao meio-dia)<\/span><\/p>\n","protected":false},"excerpt":{"rendered":"<p>PROGRAMA AUX\u00cdLIO TRANSPORTE Informamos que a recarga do cart\u00e3o magn\u00e9tico (Vales Urbanos) para Junho\/2014 ser\u00e1 De 02\/06 a 06\/06 LOCAL: SINDICATO DOS TRANSPORTES Avenida Bento Gon\u00e7alves, 3372 HOR\u00c1RIO: 08:00 \u2013 18:00 (n\u00e3o fecha ao meio-dia)<\/p>\n","protected":false},"author":229,"featured_media":0,"comment_status":"closed","ping_status":"closed","sticky":false,"template":"","format":"standard","meta":{"footnotes":""},"categories":[1],"tags":[],"class_list":["post-2814","post","type-post","status-publish","format-standard","hentry","category-noticias"],"jetpack_featured_media_url":"","_links":{"self":[{"href":"https:\/\/wp.ufpel.edu.br\/prae\/wp-json\/wp\/v2\/posts\/2814","targetHints":{"allow":["GET"]}}],"collection":[{"href":"https:\/\/wp.ufpel.edu.br\/prae\/wp-json\/wp\/v2\/posts"}],"about":[{"href":"https:\/\/wp.ufpel.edu.br\/prae\/wp-json\/wp\/v2\/types\/post"}],"author":[{"embeddable":true,"href":"https:\/\/wp.ufpel.edu.br\/prae\/wp-json\/wp\/v2\/users\/229"}],"replies":[{"embeddable":true,"href":"https:\/\/wp.ufpel.edu.br\/prae\/wp-json\/wp\/v2\/comments?post=2814"}],"version-history":[{"count":2,"href":"https:\/\/wp.ufpel.edu.br\/prae\/wp-json\/wp\/v2\/posts\/2814\/revisions"}],"predecessor-version":[{"id":2816,"href":"https:\/\/wp.ufpel.edu.br\/prae\/wp-json\/wp\/v2\/posts\/2814\/revisions\/2816"}],"wp:attachment":[{"href":"https:\/\/wp.ufpel.edu.br\/prae\/wp-json\/wp\/v2\/media?parent=2814"}],"wp:term":[{"taxonomy":"category","embeddable":true,"href":"https:\/\/wp.ufpel.edu.br\/prae\/wp-json\/wp\/v2\/categories?post=2814"},{"taxonomy":"post_tag","embeddable":true,"href":"https:\/\/wp.ufpel.edu.br\/prae\/wp-json\/wp\/v2\/tags?post=2814"}],"curies":[{"name":"wp","href":"https:\/\/api.w.org\/{rel}","templated":true}]}}