{"id":2520,"date":"2014-05-16T16:09:05","date_gmt":"2014-05-16T19:09:05","guid":{"rendered":"https:\/\/wp.ufpel.edu.br\/prae\/?p=2520"},"modified":"2017-04-10T13:28:55","modified_gmt":"2017-04-10T16:28:55","slug":"resultado-do-edital-grufpel-0022014-auxilio-eventos","status":"publish","type":"post","link":"https:\/\/wp.ufpel.edu.br\/prae\/2014\/05\/16\/resultado-do-edital-grufpel-0022014-auxilio-eventos\/","title":{"rendered":"RESULTADO DO EDITAL GR\/UFPEL 002\/2014 &#8211; AUX\u00cdLIO EVENTOS."},"content":{"rendered":"<p style=\"text-align: center\">\u00a0MINIST\u00c9RIO DA EDUCA\u00c7\u00c3O<\/p>\n<p style=\"text-align: center\">UNIVERSIDADE FEDERAL DE PELOTAS<\/p>\n<p style=\"text-align: center\">\u00a0PR\u00d3-REITORIA DE ASSUNTOS ESTUDANTIS<\/p>\n<p style=\"text-align: center\">COORDENA\u00c7\u00c3O DE POL\u00cdTICAS ESTUDANTIS<\/p>\n<p style=\"text-align: center\">Os alunos devem comparecer \u00e0 PRAE no prazo do recurso afim de receberem informa\u00e7\u00f5es sobre seus requerimentos.<\/p>\n<p>\u00a0Em anexo:<br \/>\n<span style=\"text-decoration: underline\"><a href=\"https:\/\/wp.ufpel.edu.br\/prae\/files\/2014\/05\/PRAE.UFPel-002.2014-final-deferidos.pdf\">PRAE.UFPel 002.2014 final &#8211; deferidos<\/a><\/span><\/p>\n<p><span style=\"text-decoration: underline\"><a href=\"https:\/\/wp.ufpel.edu.br\/prae\/files\/2014\/05\/PRAE.UFPel-002.2014-final-indeferidos.pdf\">PRAE.UFPel 002.2014 final &#8211; indeferidos<\/a><\/span><\/p>\n","protected":false},"excerpt":{"rendered":"<p>\u00a0MINIST\u00c9RIO DA EDUCA\u00c7\u00c3O UNIVERSIDADE FEDERAL DE PELOTAS \u00a0PR\u00d3-REITORIA DE ASSUNTOS ESTUDANTIS COORDENA\u00c7\u00c3O DE POL\u00cdTICAS ESTUDANTIS Os alunos devem comparecer \u00e0 PRAE no prazo do recurso afim de receberem informa\u00e7\u00f5es sobre seus requerimentos. \u00a0Em anexo: PRAE.UFPel 002.2014 final &#8211; deferidos PRAE.UFPel 002.2014 final &#8211; indeferidos<\/p>\n","protected":false},"author":229,"featured_media":0,"comment_status":"closed","ping_status":"closed","sticky":false,"template":"","format":"standard","meta":{"footnotes":""},"categories":[76151,1],"tags":[],"class_list":["post-2520","post","type-post","status-publish","format-standard","hentry","category-editais-2014","category-noticias"],"jetpack_featured_media_url":"","_links":{"self":[{"href":"https:\/\/wp.ufpel.edu.br\/prae\/wp-json\/wp\/v2\/posts\/2520","targetHints":{"allow":["GET"]}}],"collection":[{"href":"https:\/\/wp.ufpel.edu.br\/prae\/wp-json\/wp\/v2\/posts"}],"about":[{"href":"https:\/\/wp.ufpel.edu.br\/prae\/wp-json\/wp\/v2\/types\/post"}],"author":[{"embeddable":true,"href":"https:\/\/wp.ufpel.edu.br\/prae\/wp-json\/wp\/v2\/users\/229"}],"replies":[{"embeddable":true,"href":"https:\/\/wp.ufpel.edu.br\/prae\/wp-json\/wp\/v2\/comments?post=2520"}],"version-history":[{"count":5,"href":"https:\/\/wp.ufpel.edu.br\/prae\/wp-json\/wp\/v2\/posts\/2520\/revisions"}],"predecessor-version":[{"id":2647,"href":"https:\/\/wp.ufpel.edu.br\/prae\/wp-json\/wp\/v2\/posts\/2520\/revisions\/2647"}],"wp:attachment":[{"href":"https:\/\/wp.ufpel.edu.br\/prae\/wp-json\/wp\/v2\/media?parent=2520"}],"wp:term":[{"taxonomy":"category","embeddable":true,"href":"https:\/\/wp.ufpel.edu.br\/prae\/wp-json\/wp\/v2\/categories?post=2520"},{"taxonomy":"post_tag","embeddable":true,"href":"https:\/\/wp.ufpel.edu.br\/prae\/wp-json\/wp\/v2\/tags?post=2520"}],"curies":[{"name":"wp","href":"https:\/\/api.w.org\/{rel}","templated":true}]}}