{"id":2442,"date":"2014-05-14T16:14:48","date_gmt":"2014-05-14T19:14:48","guid":{"rendered":"https:\/\/wp.ufpel.edu.br\/prae\/?p=2442"},"modified":"2014-05-14T16:14:48","modified_gmt":"2014-05-14T19:14:48","slug":"adiado-o-resultado-do-edital-de-auxilio-eventos","status":"publish","type":"post","link":"https:\/\/wp.ufpel.edu.br\/prae\/2014\/05\/14\/adiado-o-resultado-do-edital-de-auxilio-eventos\/","title":{"rendered":"Adiado o resultado do Edital de Aux\u00edlio Eventos"},"content":{"rendered":"<p>A PRAE informa que, devido ao intenso fluxo de requerimentos, a publica\u00e7\u00e3o do resultado final do edital foi adiada para o dia 16\/05\/2014, sem que haja qualquer interfer\u00eancia nos demais prazos do certame.<\/p>\n<p>&nbsp;<\/p>\n<p>&nbsp;<\/p>\n<p>Sandro L. Nunes da Cunha<\/p>\n<p>Coordenador de Pol\u00edticas Estudantis<\/p>\n","protected":false},"excerpt":{"rendered":"<p>A PRAE informa que, devido ao intenso fluxo de requerimentos, a publica\u00e7\u00e3o do resultado final do edital foi adiada para o dia 16\/05\/2014, sem que haja qualquer interfer\u00eancia nos demais prazos do certame. &nbsp; &nbsp; Sandro L. Nunes da Cunha Coordenador de Pol\u00edticas Estudantis<\/p>\n","protected":false},"author":229,"featured_media":0,"comment_status":"closed","ping_status":"closed","sticky":false,"template":"","format":"standard","meta":{"footnotes":""},"categories":[1],"tags":[],"class_list":["post-2442","post","type-post","status-publish","format-standard","hentry","category-noticias"],"jetpack_featured_media_url":"","_links":{"self":[{"href":"https:\/\/wp.ufpel.edu.br\/prae\/wp-json\/wp\/v2\/posts\/2442","targetHints":{"allow":["GET"]}}],"collection":[{"href":"https:\/\/wp.ufpel.edu.br\/prae\/wp-json\/wp\/v2\/posts"}],"about":[{"href":"https:\/\/wp.ufpel.edu.br\/prae\/wp-json\/wp\/v2\/types\/post"}],"author":[{"embeddable":true,"href":"https:\/\/wp.ufpel.edu.br\/prae\/wp-json\/wp\/v2\/users\/229"}],"replies":[{"embeddable":true,"href":"https:\/\/wp.ufpel.edu.br\/prae\/wp-json\/wp\/v2\/comments?post=2442"}],"version-history":[{"count":1,"href":"https:\/\/wp.ufpel.edu.br\/prae\/wp-json\/wp\/v2\/posts\/2442\/revisions"}],"predecessor-version":[{"id":2443,"href":"https:\/\/wp.ufpel.edu.br\/prae\/wp-json\/wp\/v2\/posts\/2442\/revisions\/2443"}],"wp:attachment":[{"href":"https:\/\/wp.ufpel.edu.br\/prae\/wp-json\/wp\/v2\/media?parent=2442"}],"wp:term":[{"taxonomy":"category","embeddable":true,"href":"https:\/\/wp.ufpel.edu.br\/prae\/wp-json\/wp\/v2\/categories?post=2442"},{"taxonomy":"post_tag","embeddable":true,"href":"https:\/\/wp.ufpel.edu.br\/prae\/wp-json\/wp\/v2\/tags?post=2442"}],"curies":[{"name":"wp","href":"https:\/\/api.w.org\/{rel}","templated":true}]}}