{"id":2425,"date":"2014-05-14T15:30:56","date_gmt":"2014-05-14T18:30:56","guid":{"rendered":"https:\/\/wp.ufpel.edu.br\/prae\/?p=2425"},"modified":"2014-05-16T14:36:53","modified_gmt":"2014-05-16T17:36:53","slug":"edital-072014-inscricao-para-programas-de-assistencia-estudantil-20141","status":"publish","type":"post","link":"https:\/\/wp.ufpel.edu.br\/prae\/2014\/05\/14\/edital-072014-inscricao-para-programas-de-assistencia-estudantil-20141\/","title":{"rendered":"EDITAL 07\/2014 &#8211; INSCRI\u00c7\u00c3O PARA PROGRAMAS DE ASSIST\u00caNCIA ESTUDANTIL 2014\/1"},"content":{"rendered":"<p><span style=\"text-decoration: underline\"><a href=\"https:\/\/wp.ufpel.edu.br\/prae\/files\/2014\/05\/Edital-07-2014-inscri\u00e7\u00e3o-2014-1-corrigido.pdf\">Edital 07 2014 &#8211; inscri\u00e7\u00e3o 2014 1 corrigido<\/a><\/span><\/p>\n<p><span style=\"text-decoration: underline\"><a href=\"https:\/\/wp.ufpel.edu.br\/prae\/files\/2014\/05\/Anexo-I-declaracao-trabalho-autonomo.pdf\">Anexo I &#8211; declara\u00e7\u00e3o trabalho aut\u00f4nomo<\/a><\/span><\/p>\n<p><span style=\"text-decoration: underline\"><a href=\"https:\/\/wp.ufpel.edu.br\/prae\/files\/2014\/05\/Anexo-II-declaracao-divisao-aluguel.pdf\">Anexo II &#8211; declara\u00e7\u00e3o divis\u00e3o aluguel<\/a><\/span><\/p>\n<p><span style=\"text-decoration: underline\"><a href=\"https:\/\/wp.ufpel.edu.br\/prae\/files\/2014\/05\/Anexo-III-declaracao-cedencia-de-imovel.pdf\">Anexo III &#8211; declara\u00e7\u00e3o ced\u00eancia de im\u00f3vel<\/a><\/span><\/p>\n<p><span style=\"text-decoration: underline\"><a href=\"https:\/\/wp.ufpel.edu.br\/prae\/files\/2014\/05\/Anexo-IV-declaracao-cedencia-de-hospedagem.pdf\">Anexo IV &#8211; declara\u00e7\u00e3o ced\u00eancia de hospedagem<\/a><\/span><\/p>\n<p><span style=\"text-decoration: underline\"><a href=\"https:\/\/wp.ufpel.edu.br\/prae\/files\/2014\/05\/ANEXO-V-declaracao-produtor-rural.pdf\">ANEXO V &#8211; declara\u00e7\u00e3o produtor rural<\/a><\/span><\/p>\n<p><span style=\"text-decoration: underline\"><a href=\"https:\/\/wp.ufpel.edu.br\/prae\/files\/2014\/05\/ANEXO-VI-declaracao-n\u00e3o-possuir-gradua\u00e7\u00e3o.pdf\">ANEXO VI &#8211; declaracao n\u00e3o possuir gradua\u00e7\u00e3o<\/a><\/span><\/p>\n","protected":false},"excerpt":{"rendered":"<p>Edital 07 2014 &#8211; inscri\u00e7\u00e3o 2014 1 corrigido Anexo I &#8211; declara\u00e7\u00e3o trabalho aut\u00f4nomo Anexo II &#8211; declara\u00e7\u00e3o divis\u00e3o aluguel Anexo III &#8211; declara\u00e7\u00e3o ced\u00eancia de im\u00f3vel Anexo IV &#8211; declara\u00e7\u00e3o ced\u00eancia de hospedagem ANEXO V &#8211; declara\u00e7\u00e3o produtor rural ANEXO VI &#8211; declaracao n\u00e3o possuir gradua\u00e7\u00e3o<\/p>\n","protected":false},"author":229,"featured_media":0,"comment_status":"closed","ping_status":"closed","sticky":false,"template":"","format":"standard","meta":{"footnotes":""},"categories":[38885],"tags":[],"class_list":["post-2425","post","type-post","status-publish","format-standard","hentry","category-editais"],"jetpack_featured_media_url":"","_links":{"self":[{"href":"https:\/\/wp.ufpel.edu.br\/prae\/wp-json\/wp\/v2\/posts\/2425","targetHints":{"allow":["GET"]}}],"collection":[{"href":"https:\/\/wp.ufpel.edu.br\/prae\/wp-json\/wp\/v2\/posts"}],"about":[{"href":"https:\/\/wp.ufpel.edu.br\/prae\/wp-json\/wp\/v2\/types\/post"}],"author":[{"embeddable":true,"href":"https:\/\/wp.ufpel.edu.br\/prae\/wp-json\/wp\/v2\/users\/229"}],"replies":[{"embeddable":true,"href":"https:\/\/wp.ufpel.edu.br\/prae\/wp-json\/wp\/v2\/comments?post=2425"}],"version-history":[{"count":3,"href":"https:\/\/wp.ufpel.edu.br\/prae\/wp-json\/wp\/v2\/posts\/2425\/revisions"}],"predecessor-version":[{"id":2491,"href":"https:\/\/wp.ufpel.edu.br\/prae\/wp-json\/wp\/v2\/posts\/2425\/revisions\/2491"}],"wp:attachment":[{"href":"https:\/\/wp.ufpel.edu.br\/prae\/wp-json\/wp\/v2\/media?parent=2425"}],"wp:term":[{"taxonomy":"category","embeddable":true,"href":"https:\/\/wp.ufpel.edu.br\/prae\/wp-json\/wp\/v2\/categories?post=2425"},{"taxonomy":"post_tag","embeddable":true,"href":"https:\/\/wp.ufpel.edu.br\/prae\/wp-json\/wp\/v2\/tags?post=2425"}],"curies":[{"name":"wp","href":"https:\/\/api.w.org\/{rel}","templated":true}]}}