{"id":2423,"date":"2014-05-14T15:30:37","date_gmt":"2014-05-14T18:30:37","guid":{"rendered":"https:\/\/wp.ufpel.edu.br\/prae\/?p=2423"},"modified":"2014-05-16T14:38:53","modified_gmt":"2014-05-16T17:38:53","slug":"edital-062014-ingresso-cotas-sociais-sisuenem-chamada-oral-verao","status":"publish","type":"post","link":"https:\/\/wp.ufpel.edu.br\/prae\/2014\/05\/14\/edital-062014-ingresso-cotas-sociais-sisuenem-chamada-oral-verao\/","title":{"rendered":"EDITAL 06\/2014 &#8211; INGRESSO COTAS SOCIAIS &#8211; SISU\/ENEM- CHAMADA ORAL &#8211; VER\u00c3O"},"content":{"rendered":"<p>A Pr\u00f3-Reitoria de Assuntos Estudantis (PRAE), atrav\u00e9s da Coordena\u00e7\u00e3o de Integra\u00e7\u00e3o Estudantil, torna p\u00fablico o processo de sele\u00e7\u00e3o para ingresso por cotas sociais SISU- Chamada Oral- 2014<\/p>\n<p><span style=\"text-decoration: underline\"><a href=\"https:\/\/wp.ufpel.edu.br\/prae\/files\/2014\/05\/Edital-06-2014-Cotas-Sociais-Chamada-oral-SISU-ENEM-Ver\u00e3o.pdf\">Edital 06 2014 &#8211; Cotas Sociais Chamada oral SISU ENEM Ver\u00e3o<\/a><\/span><\/p>\n","protected":false},"excerpt":{"rendered":"<p>A Pr\u00f3-Reitoria de Assuntos Estudantis (PRAE), atrav\u00e9s da Coordena\u00e7\u00e3o de Integra\u00e7\u00e3o Estudantil, torna p\u00fablico o processo de sele\u00e7\u00e3o para ingresso por cotas sociais SISU- Chamada Oral- 2014 Edital 06 2014 &#8211; Cotas Sociais Chamada oral SISU ENEM Ver\u00e3o<\/p>\n","protected":false},"author":229,"featured_media":0,"comment_status":"closed","ping_status":"closed","sticky":false,"template":"","format":"standard","meta":{"footnotes":""},"categories":[38885],"tags":[],"class_list":["post-2423","post","type-post","status-publish","format-standard","hentry","category-editais"],"jetpack_featured_media_url":"","_links":{"self":[{"href":"https:\/\/wp.ufpel.edu.br\/prae\/wp-json\/wp\/v2\/posts\/2423","targetHints":{"allow":["GET"]}}],"collection":[{"href":"https:\/\/wp.ufpel.edu.br\/prae\/wp-json\/wp\/v2\/posts"}],"about":[{"href":"https:\/\/wp.ufpel.edu.br\/prae\/wp-json\/wp\/v2\/types\/post"}],"author":[{"embeddable":true,"href":"https:\/\/wp.ufpel.edu.br\/prae\/wp-json\/wp\/v2\/users\/229"}],"replies":[{"embeddable":true,"href":"https:\/\/wp.ufpel.edu.br\/prae\/wp-json\/wp\/v2\/comments?post=2423"}],"version-history":[{"count":3,"href":"https:\/\/wp.ufpel.edu.br\/prae\/wp-json\/wp\/v2\/posts\/2423\/revisions"}],"predecessor-version":[{"id":2494,"href":"https:\/\/wp.ufpel.edu.br\/prae\/wp-json\/wp\/v2\/posts\/2423\/revisions\/2494"}],"wp:attachment":[{"href":"https:\/\/wp.ufpel.edu.br\/prae\/wp-json\/wp\/v2\/media?parent=2423"}],"wp:term":[{"taxonomy":"category","embeddable":true,"href":"https:\/\/wp.ufpel.edu.br\/prae\/wp-json\/wp\/v2\/categories?post=2423"},{"taxonomy":"post_tag","embeddable":true,"href":"https:\/\/wp.ufpel.edu.br\/prae\/wp-json\/wp\/v2\/tags?post=2423"}],"curies":[{"name":"wp","href":"https:\/\/api.w.org\/{rel}","templated":true}]}}