{"id":2273,"date":"2014-04-23T16:06:15","date_gmt":"2014-04-23T19:06:15","guid":{"rendered":"https:\/\/wp.ufpel.edu.br\/prae\/?p=2273"},"modified":"2014-05-16T15:48:45","modified_gmt":"2014-05-16T18:48:45","slug":"programa-bolsa-permanencia-orientacoes","status":"publish","type":"post","link":"https:\/\/wp.ufpel.edu.br\/prae\/2014\/04\/23\/programa-bolsa-permanencia-orientacoes\/","title":{"rendered":"Programa Bolsa Perman\u00eancia &#8211; Orienta\u00e7\u00f5es"},"content":{"rendered":"<p>O Programa Bolsa Perman\u00eancia \u00e9 uma a\u00e7\u00e3o do Governo Federal de concess\u00e3o de aux\u00edlio financeiro a estudantes matriculados em Institui\u00e7\u00f5es Federais de Ensino Superior\u00a0 em situa\u00e7\u00e3o de vulnerabilidade socioecon\u00f4mica e para estudantes ind\u00edgenas e quilombolas*.<\/p>\n<p>Os cursos da UFPel, que atendem ao crit\u00e9rio da carga hor\u00e1ria exigida pelo Progama, s\u00e3o: <strong>Enfermagem; Engenharia Agr\u00edcola; Engenharia Ambiental e Sanit\u00e1ria; Farm\u00e1cia;\u00a0 Letras \u2013 Portugu\u00eas\/Alem\u00e3o; Letras \u2013 Portugu\u00eas\/Espanhol; Letras &#8211;\u00a0 Portugu\u00eas\/Franc\u00eas;\u00a0 Letras &#8211;\u00a0 Portugu\u00eas\/ Ingl\u00eas;\u00a0 Medicina;\u00a0 Odontologia; Terapia Ocupacional.<\/strong><\/p>\n<p><strong>\u00a0*<\/strong>para os estudantes ind\u00edgenas e quilombolas n\u00e3o \u00e9 exigido o crit\u00e9rio da carga hor\u00e1ria dos cursos, por\u00e9m h\u00e1 a exig\u00eancia de documenta\u00e7\u00e3o complementar.<\/p>\n<p>Todos os alunos interessados devem acessar www.permanencia.mec.gov.br ,\u00a0 lendo com aten\u00e7\u00e3o o Manual da Bolsa Perman\u00eancia, para logo a seguir <strong>encaminhar a documenta\u00e7\u00e3o \u00e0 Coordena\u00e7\u00e3o de Integra\u00e7\u00e3o Estudantil (Av. Bento Gon\u00e7alves, 3395), de segunda \u00e0 sexta das 8:00 \u00e0s 19:00<br \/>\n<\/strong><\/p>\n<p>O atendimento para esclarecimentos de d\u00favidas e verifica\u00e7\u00e3o do andamento dos processos ocorre na secretaria da PRAE( sala 408 A, Reitoria) \u00e0s <strong>segundas-feiras \u00e0 tarde<\/strong> e \u00e0s <strong>quartas e sextas-feiras pela manh\u00e3. <\/strong>Os demais dias est\u00e3o reservados para a an\u00e1lise dos processos.<\/p>\n<p><span style=\"text-decoration: underline\"><a href=\"https:\/\/wp.ufpel.edu.br\/prae\/files\/2014\/04\/PBP-SOLICITA\u00c7\u00c3O.pdf\">PBP SOLICITA\u00c7\u00c3O<\/a><\/span><\/p>\n<p><span style=\"text-decoration: underline\"><a href=\"https:\/\/wp.ufpel.edu.br\/prae\/files\/2014\/04\/PBP-Orienta\u00e7\u00f5es-e-Documenta\u00e7\u00e3o.pdf\">PBP Orienta\u00e7\u00f5es e Documenta\u00e7\u00e3o<\/a><\/span><\/p>\n<p><span style=\"text-decoration: underline\"><a href=\"https:\/\/wp.ufpel.edu.br\/prae\/files\/2014\/04\/Autodeclara\u00e7\u00e3o-Ind\u00edgena-e-Quilombola.pdf\">Autodeclara\u00e7\u00e3o Ind\u00edgena e Quilombola<\/a><\/span><\/p>\n<p>&nbsp;<\/p>\n","protected":false},"excerpt":{"rendered":"<p>O Programa Bolsa Perman\u00eancia \u00e9 uma a\u00e7\u00e3o do Governo Federal de concess\u00e3o de aux\u00edlio financeiro a estudantes matriculados em Institui\u00e7\u00f5es Federais de Ensino Superior\u00a0 em situa\u00e7\u00e3o de vulnerabilidade socioecon\u00f4mica e para estudantes ind\u00edgenas e quilombolas*. Os cursos da UFPel, que atendem ao crit\u00e9rio da carga hor\u00e1ria exigida pelo Progama, s\u00e3o: Enfermagem; Engenharia Agr\u00edcola; Engenharia Ambiental &hellip; <\/p>\n<p class=\"link-more\"><a href=\"https:\/\/wp.ufpel.edu.br\/prae\/2014\/04\/23\/programa-bolsa-permanencia-orientacoes\/\" class=\"more-link\">Continue lendo<span class=\"screen-reader-text\"> &#8220;Programa Bolsa Perman\u00eancia &#8211; Orienta\u00e7\u00f5es&#8221;<\/span><\/a><\/p>\n","protected":false},"author":229,"featured_media":0,"comment_status":"closed","ping_status":"closed","sticky":false,"template":"","format":"standard","meta":{"footnotes":""},"categories":[1],"tags":[],"class_list":["post-2273","post","type-post","status-publish","format-standard","hentry","category-noticias"],"jetpack_featured_media_url":"","_links":{"self":[{"href":"https:\/\/wp.ufpel.edu.br\/prae\/wp-json\/wp\/v2\/posts\/2273","targetHints":{"allow":["GET"]}}],"collection":[{"href":"https:\/\/wp.ufpel.edu.br\/prae\/wp-json\/wp\/v2\/posts"}],"about":[{"href":"https:\/\/wp.ufpel.edu.br\/prae\/wp-json\/wp\/v2\/types\/post"}],"author":[{"embeddable":true,"href":"https:\/\/wp.ufpel.edu.br\/prae\/wp-json\/wp\/v2\/users\/229"}],"replies":[{"embeddable":true,"href":"https:\/\/wp.ufpel.edu.br\/prae\/wp-json\/wp\/v2\/comments?post=2273"}],"version-history":[{"count":3,"href":"https:\/\/wp.ufpel.edu.br\/prae\/wp-json\/wp\/v2\/posts\/2273\/revisions"}],"predecessor-version":[{"id":2564,"href":"https:\/\/wp.ufpel.edu.br\/prae\/wp-json\/wp\/v2\/posts\/2273\/revisions\/2564"}],"wp:attachment":[{"href":"https:\/\/wp.ufpel.edu.br\/prae\/wp-json\/wp\/v2\/media?parent=2273"}],"wp:term":[{"taxonomy":"category","embeddable":true,"href":"https:\/\/wp.ufpel.edu.br\/prae\/wp-json\/wp\/v2\/categories?post=2273"},{"taxonomy":"post_tag","embeddable":true,"href":"https:\/\/wp.ufpel.edu.br\/prae\/wp-json\/wp\/v2\/tags?post=2273"}],"curies":[{"name":"wp","href":"https:\/\/api.w.org\/{rel}","templated":true}]}}