{"id":2268,"date":"2014-04-23T11:32:14","date_gmt":"2014-04-23T14:32:14","guid":{"rendered":"https:\/\/wp.ufpel.edu.br\/prae\/?p=2268"},"modified":"2014-05-16T15:50:36","modified_gmt":"2014-05-16T18:50:36","slug":"alunos-com-prazo-de-permanencia-esgotado-20141","status":"publish","type":"post","link":"https:\/\/wp.ufpel.edu.br\/prae\/2014\/04\/23\/alunos-com-prazo-de-permanencia-esgotado-20141\/","title":{"rendered":"ALUNOS COM PRAZO DE PERMAN\u00caNCIA ESGOTADO 2014\/1"},"content":{"rendered":"<p>A Coordenadoria de Integra\u00e7\u00e3o Estudantil\/PRAE divulga abaixo a rela\u00e7\u00e3o de alunos que est\u00e3o com o <strong>prazo de perman\u00eancia esgotado<\/strong> nos programas assistenciais.<\/p>\n<p><span style=\"text-decoration: underline\"><a href=\"https:\/\/wp.ufpel.edu.br\/prae\/files\/2014\/04\/LISTA-DE-ALUNOS-COM-PRAZO-DE-PERMAN\u00caNCIA-ESGOTADO-2014-1.pdf\">LISTA DE ALUNOS COM PRAZO DE PERMAN\u00caNCIA ESGOTADO 2014-1<\/a><\/span><\/p>\n<p>Caber\u00e1 interposi\u00e7\u00e3o de recurso no prazo de tr\u00eas dias \u00fateis (<strong>24, 25 e 28 de Abril<\/strong>) a contar da data desta publica\u00e7\u00e3o. O mesmo dever\u00e1 ser encaminhado na recep\u00e7\u00e3o da Coordenadoria \u2013 Av. Bento Gon\u00e7alves, 3395 \u2013 das 08h \u00e0s 19h.<\/p>\n<p><strong>Os alunos que n\u00e3o entrarem com recurso ter\u00e3o seus benef\u00edcios cancelados.<\/strong><\/p>\n<p style=\"text-align: right\">Coordenadoria de Integra\u00e7\u00e3o Estudantil<\/p>\n<p style=\"text-align: right\">23\/04\/2014<\/p>\n","protected":false},"excerpt":{"rendered":"<p>A Coordenadoria de Integra\u00e7\u00e3o Estudantil\/PRAE divulga abaixo a rela\u00e7\u00e3o de alunos que est\u00e3o com o prazo de perman\u00eancia esgotado nos programas assistenciais. LISTA DE ALUNOS COM PRAZO DE PERMAN\u00caNCIA ESGOTADO 2014-1 Caber\u00e1 interposi\u00e7\u00e3o de recurso no prazo de tr\u00eas dias \u00fateis (24, 25 e 28 de Abril) a contar da data desta publica\u00e7\u00e3o. O mesmo &hellip; <\/p>\n<p class=\"link-more\"><a href=\"https:\/\/wp.ufpel.edu.br\/prae\/2014\/04\/23\/alunos-com-prazo-de-permanencia-esgotado-20141\/\" class=\"more-link\">Continue lendo<span class=\"screen-reader-text\"> &#8220;ALUNOS COM PRAZO DE PERMAN\u00caNCIA ESGOTADO 2014\/1&#8221;<\/span><\/a><\/p>\n","protected":false},"author":229,"featured_media":0,"comment_status":"closed","ping_status":"closed","sticky":false,"template":"","format":"standard","meta":{"footnotes":""},"categories":[1],"tags":[],"class_list":["post-2268","post","type-post","status-publish","format-standard","hentry","category-noticias"],"jetpack_featured_media_url":"","_links":{"self":[{"href":"https:\/\/wp.ufpel.edu.br\/prae\/wp-json\/wp\/v2\/posts\/2268","targetHints":{"allow":["GET"]}}],"collection":[{"href":"https:\/\/wp.ufpel.edu.br\/prae\/wp-json\/wp\/v2\/posts"}],"about":[{"href":"https:\/\/wp.ufpel.edu.br\/prae\/wp-json\/wp\/v2\/types\/post"}],"author":[{"embeddable":true,"href":"https:\/\/wp.ufpel.edu.br\/prae\/wp-json\/wp\/v2\/users\/229"}],"replies":[{"embeddable":true,"href":"https:\/\/wp.ufpel.edu.br\/prae\/wp-json\/wp\/v2\/comments?post=2268"}],"version-history":[{"count":2,"href":"https:\/\/wp.ufpel.edu.br\/prae\/wp-json\/wp\/v2\/posts\/2268\/revisions"}],"predecessor-version":[{"id":2566,"href":"https:\/\/wp.ufpel.edu.br\/prae\/wp-json\/wp\/v2\/posts\/2268\/revisions\/2566"}],"wp:attachment":[{"href":"https:\/\/wp.ufpel.edu.br\/prae\/wp-json\/wp\/v2\/media?parent=2268"}],"wp:term":[{"taxonomy":"category","embeddable":true,"href":"https:\/\/wp.ufpel.edu.br\/prae\/wp-json\/wp\/v2\/categories?post=2268"},{"taxonomy":"post_tag","embeddable":true,"href":"https:\/\/wp.ufpel.edu.br\/prae\/wp-json\/wp\/v2\/tags?post=2268"}],"curies":[{"name":"wp","href":"https:\/\/api.w.org\/{rel}","templated":true}]}}