{"id":2165,"date":"2014-03-21T13:18:50","date_gmt":"2014-03-21T16:18:50","guid":{"rendered":"https:\/\/wp.ufpel.edu.br\/prae\/?p=2165"},"modified":"2014-05-16T16:19:05","modified_gmt":"2014-05-16T19:19:05","slug":"resultado-cotas-sociais-edital-062014-sisuenem","status":"publish","type":"post","link":"https:\/\/wp.ufpel.edu.br\/prae\/2014\/03\/21\/resultado-cotas-sociais-edital-062014-sisuenem\/","title":{"rendered":"RESULTADO COTAS SOCIAIS &#8211; EDITAL 06\/2014 &#8211; SISU\/ENEM"},"content":{"rendered":"<p style=\"text-align: justify\">Segue abaixo o resultado do edital 06\/2014 \u2013 SISU\/ENEM.<\/p>\n<p style=\"text-align: justify\"><span style=\"text-decoration: underline\"><a href=\"https:\/\/wp.ufpel.edu.br\/prae\/files\/2014\/03\/Resultado-Edital-06.2014-Sisu-Enem-Cotas-sociais-Chamada-Oral-Ver\u00e3o-2014.pdf\">Resultado Edital 06.2014 Sisu Enem Cotas sociais Chamada Oral Ver\u00e3o 2014<\/a><\/span><\/p>\n<p style=\"text-align: justify\">Os alunos que tiveram sua solicita\u00e7\u00e3o indeferida ter\u00e3o o prazo de\u00a0<strong>tr\u00eas dias \u00fateis<\/strong>\u00a0para recurso (24\/03,25\/03,26\/03). O prazo come\u00e7a a contar da data de publica\u00e7\u00e3o do resultado. Os recursos dever\u00e3o ser entregues na Coordena\u00e7\u00e3o de Integra\u00e7\u00e3o Estudantil, localizada na Avenida Bento Gon\u00e7alves, 3395 que tem expediente das 08:00 horas \u00e0s 19:00 horas (sem fechar ao meio-dia).<\/p>\n","protected":false},"excerpt":{"rendered":"<p>Segue abaixo o resultado do edital 06\/2014 \u2013 SISU\/ENEM. Resultado Edital 06.2014 Sisu Enem Cotas sociais Chamada Oral Ver\u00e3o 2014 Os alunos que tiveram sua solicita\u00e7\u00e3o indeferida ter\u00e3o o prazo de\u00a0tr\u00eas dias \u00fateis\u00a0para recurso (24\/03,25\/03,26\/03). O prazo come\u00e7a a contar da data de publica\u00e7\u00e3o do resultado. Os recursos dever\u00e3o ser entregues na Coordena\u00e7\u00e3o de Integra\u00e7\u00e3o &hellip; <\/p>\n<p class=\"link-more\"><a href=\"https:\/\/wp.ufpel.edu.br\/prae\/2014\/03\/21\/resultado-cotas-sociais-edital-062014-sisuenem\/\" class=\"more-link\">Continue lendo<span class=\"screen-reader-text\"> &#8220;RESULTADO COTAS SOCIAIS &#8211; EDITAL 06\/2014 &#8211; SISU\/ENEM&#8221;<\/span><\/a><\/p>\n","protected":false},"author":229,"featured_media":0,"comment_status":"closed","ping_status":"closed","sticky":false,"template":"","format":"standard","meta":{"footnotes":""},"categories":[1],"tags":[],"class_list":["post-2165","post","type-post","status-publish","format-standard","hentry","category-noticias"],"jetpack_featured_media_url":"","_links":{"self":[{"href":"https:\/\/wp.ufpel.edu.br\/prae\/wp-json\/wp\/v2\/posts\/2165","targetHints":{"allow":["GET"]}}],"collection":[{"href":"https:\/\/wp.ufpel.edu.br\/prae\/wp-json\/wp\/v2\/posts"}],"about":[{"href":"https:\/\/wp.ufpel.edu.br\/prae\/wp-json\/wp\/v2\/types\/post"}],"author":[{"embeddable":true,"href":"https:\/\/wp.ufpel.edu.br\/prae\/wp-json\/wp\/v2\/users\/229"}],"replies":[{"embeddable":true,"href":"https:\/\/wp.ufpel.edu.br\/prae\/wp-json\/wp\/v2\/comments?post=2165"}],"version-history":[{"count":2,"href":"https:\/\/wp.ufpel.edu.br\/prae\/wp-json\/wp\/v2\/posts\/2165\/revisions"}],"predecessor-version":[{"id":2599,"href":"https:\/\/wp.ufpel.edu.br\/prae\/wp-json\/wp\/v2\/posts\/2165\/revisions\/2599"}],"wp:attachment":[{"href":"https:\/\/wp.ufpel.edu.br\/prae\/wp-json\/wp\/v2\/media?parent=2165"}],"wp:term":[{"taxonomy":"category","embeddable":true,"href":"https:\/\/wp.ufpel.edu.br\/prae\/wp-json\/wp\/v2\/categories?post=2165"},{"taxonomy":"post_tag","embeddable":true,"href":"https:\/\/wp.ufpel.edu.br\/prae\/wp-json\/wp\/v2\/tags?post=2165"}],"curies":[{"name":"wp","href":"https:\/\/api.w.org\/{rel}","templated":true}]}}