{"id":2139,"date":"2014-03-20T14:49:48","date_gmt":"2014-03-20T17:49:48","guid":{"rendered":"https:\/\/wp.ufpel.edu.br\/prae\/?p=2139"},"modified":"2014-05-16T16:55:31","modified_gmt":"2014-05-16T19:55:31","slug":"processo-de-selecao-para-ingresso-por-cotas-sociais-vestibular-verao-2014-polos-de-ensino-a-distancia","status":"publish","type":"post","link":"https:\/\/wp.ufpel.edu.br\/prae\/2014\/03\/20\/processo-de-selecao-para-ingresso-por-cotas-sociais-vestibular-verao-2014-polos-de-ensino-a-distancia\/","title":{"rendered":"PROCESSO DE SELE\u00c7\u00c3O PARA INGRESSO POR COTAS SOCIAIS VESTIBULAR VER\u00c3O 2014  POLOS DE ENSINO \u00c0 DIST\u00c2NCIA"},"content":{"rendered":"<p><!-- [if gte mso 9]&gt;--><\/p>\n<p><!-- [if gte mso 9]&gt;--><\/p>\n<p class=\"Default\" style=\"text-align: justify\"><span style=\"font-size: 10.0pt;color: windowtext\">A Pr\u00f3-Reitoria de Assuntos Estudantis (PRAE), atrav\u00e9s da Coordena\u00e7\u00e3o de Integra\u00e7\u00e3o Estudantil, torna p\u00fablico o processo de sele\u00e7\u00e3o para ingresso por cotas sociais vestibular ver\u00e3o 2014.<\/span><\/p>\n<p class=\"Default\" style=\"text-align: justify\"><span style=\"text-decoration: underline\"><a href=\"https:\/\/wp.ufpel.edu.br\/prae\/files\/2014\/03\/Edital-08-2014-Cotas-Sociais-Vestibular-Ver\u00e3o-Polos-de-ensino-\u00e0-dist\u00e2nci.pdf\">Edital 08-2014 Cotas Sociais Vestibular Ver\u00e3o Polos de ensino \u00e0 dist\u00e2ncia<\/a><\/span><\/p>\n","protected":false},"excerpt":{"rendered":"<p>A Pr\u00f3-Reitoria de Assuntos Estudantis (PRAE), atrav\u00e9s da Coordena\u00e7\u00e3o de Integra\u00e7\u00e3o Estudantil, torna p\u00fablico o processo de sele\u00e7\u00e3o para ingresso por cotas sociais vestibular ver\u00e3o 2014. Edital 08-2014 Cotas Sociais Vestibular Ver\u00e3o Polos de ensino \u00e0 dist\u00e2ncia<\/p>\n","protected":false},"author":229,"featured_media":0,"comment_status":"closed","ping_status":"closed","sticky":false,"template":"","format":"standard","meta":{"footnotes":""},"categories":[1],"tags":[],"class_list":["post-2139","post","type-post","status-publish","format-standard","hentry","category-noticias"],"jetpack_featured_media_url":"","_links":{"self":[{"href":"https:\/\/wp.ufpel.edu.br\/prae\/wp-json\/wp\/v2\/posts\/2139","targetHints":{"allow":["GET"]}}],"collection":[{"href":"https:\/\/wp.ufpel.edu.br\/prae\/wp-json\/wp\/v2\/posts"}],"about":[{"href":"https:\/\/wp.ufpel.edu.br\/prae\/wp-json\/wp\/v2\/types\/post"}],"author":[{"embeddable":true,"href":"https:\/\/wp.ufpel.edu.br\/prae\/wp-json\/wp\/v2\/users\/229"}],"replies":[{"embeddable":true,"href":"https:\/\/wp.ufpel.edu.br\/prae\/wp-json\/wp\/v2\/comments?post=2139"}],"version-history":[{"count":3,"href":"https:\/\/wp.ufpel.edu.br\/prae\/wp-json\/wp\/v2\/posts\/2139\/revisions"}],"predecessor-version":[{"id":2610,"href":"https:\/\/wp.ufpel.edu.br\/prae\/wp-json\/wp\/v2\/posts\/2139\/revisions\/2610"}],"wp:attachment":[{"href":"https:\/\/wp.ufpel.edu.br\/prae\/wp-json\/wp\/v2\/media?parent=2139"}],"wp:term":[{"taxonomy":"category","embeddable":true,"href":"https:\/\/wp.ufpel.edu.br\/prae\/wp-json\/wp\/v2\/categories?post=2139"},{"taxonomy":"post_tag","embeddable":true,"href":"https:\/\/wp.ufpel.edu.br\/prae\/wp-json\/wp\/v2\/tags?post=2139"}],"curies":[{"name":"wp","href":"https:\/\/api.w.org\/{rel}","templated":true}]}}