{"id":2136,"date":"2014-03-20T11:17:47","date_gmt":"2014-03-20T14:17:47","guid":{"rendered":"https:\/\/wp.ufpel.edu.br\/prae\/?p=2136"},"modified":"2017-04-10T13:27:02","modified_gmt":"2017-04-10T16:27:02","slug":"resultado-do-edital-de-auxilio-eventos","status":"publish","type":"post","link":"https:\/\/wp.ufpel.edu.br\/prae\/2014\/03\/20\/resultado-do-edital-de-auxilio-eventos\/","title":{"rendered":"RESULTADO DO EDITAL DE AUX\u00cdLIO EVENTOS"},"content":{"rendered":"<p>RESULTADO DO EDITAL GR\/UFPEL N\u00b0001\/2014 para concess\u00e3o de aux\u00edlio \u00e0 participa\u00e7\u00e3o de discentes em eventos acad\u00eamicos, cient\u00edficos, tecnol\u00f3gicos, culturais e pol\u00edticos.<\/p>\n<p>&nbsp;<\/p>\n<p>A Pr\u00f3-Reitoria de Assuntos Estudantis, atrav\u00e9s da comiss\u00e3o de avalia\u00e7\u00e3o para concess\u00e3o de aux\u00edlio \u00e0 participa\u00e7\u00e3o de discentes em eventos.<\/p>\n<p>&nbsp;<\/p>\n<p><b>1. SOLICITA\u00c7\u00d5ES DEFERIDAS<\/b><\/p>\n<p>&nbsp;<\/p>\n<p><b>1.1. Contemplados total ou parcialmente<\/b><\/p>\n<p>&nbsp;<\/p>\n<p><b>\u00a01.1.1 &#8211; Participa\u00e7\u00e3o individual em eventos<\/b><\/p>\n<p>&nbsp;<\/p>\n<p>&nbsp;<\/p>\n<table style=\"width: 643px\" border=\"0\" cellspacing=\"0\" cellpadding=\"0\">\n<tbody>\n<tr>\n<td valign=\"top\" width=\"214\">\n<p align=\"center\">EVENTO<\/p>\n<\/td>\n<td valign=\"top\" width=\"214\">\n<p align=\"center\">CURSO<\/p>\n<\/td>\n<td valign=\"top\" width=\"214\">\n<p align=\"center\">RESPONS\u00c1VEL<\/p>\n<\/td>\n<\/tr>\n<tr>\n<td valign=\"top\" width=\"214\">IV Mostra Nacional de Experi\u00eancia em Aten\u00e7\u00e3o B\u00e1sica\/Sa\u00fade da fam\u00edlia<\/td>\n<td valign=\"top\" width=\"214\">Terapia Ocupacional<\/td>\n<td valign=\"top\" width=\"214\">C\u00edntia Viviane Ventura da Silva<\/td>\n<\/tr>\n<tr>\n<td valign=\"top\" width=\"214\">II Congresso Mundial de Comunica\u00e7\u00e3o Ibero-Americana<\/td>\n<td valign=\"top\" width=\"214\">Jornalismo<\/td>\n<td valign=\"top\" width=\"214\">Luis Ricardo Goulart Huttener<\/td>\n<\/tr>\n<tr>\n<td valign=\"top\" width=\"214\">II Congresso Mundial de Comunica\u00e7\u00e3o Ibero-Americana<\/td>\n<td valign=\"top\" width=\"214\">Jornalismo<\/td>\n<td valign=\"top\" width=\"214\">Eduarda Scheneider Lemes<\/td>\n<\/tr>\n<\/tbody>\n<\/table>\n<p>&nbsp;<\/p>\n<p>&nbsp;<\/p>\n<p>&nbsp;<\/p>\n<p>&nbsp;<\/p>\n<p><b>1.1.2 &#8211; Participa\u00e7\u00e3o Coletiva em eventos<\/b><\/p>\n<p>&nbsp;<\/p>\n<table style=\"width: 643px\" border=\"0\" cellspacing=\"0\" cellpadding=\"0\">\n<tbody>\n<tr>\n<td valign=\"top\" width=\"214\">EVENTO<\/td>\n<td valign=\"top\" width=\"214\">CURSO<\/td>\n<td valign=\"top\" width=\"214\">RESPONS\u00c1VEL<\/td>\n<\/tr>\n<tr>\n<td valign=\"top\" width=\"214\">\n<p>EREA<\/p>\n<p>&nbsp;<\/td>\n<td valign=\"top\" width=\"214\">\n<p>Arquitetura e Urbanismo<\/p>\n<p>&nbsp;<\/td>\n<td valign=\"top\" width=\"214\">\n<p>Gabriela Pasqualin Cavalheiro<\/p>\n<p>&nbsp;<\/td>\n<\/tr>\n<tr>\n<td valign=\"top\" width=\"214\">\n<p>XXIII Encontro Nacional do COMPEDI<\/p>\n<p>&nbsp;<\/td>\n<td valign=\"top\" width=\"214\">\n<p>Direito<\/p>\n<p>&nbsp;<\/td>\n<td valign=\"top\" width=\"214\">\n<p>Mar\u00edlia de Castro Teixeira Maia<\/p>\n<p>&nbsp;<\/td>\n<\/tr>\n<\/tbody>\n<\/table>\n<p>&nbsp;<\/p>\n<p>&nbsp;<\/p>\n<p>&nbsp;<\/p>\n<p><b>1.1.3 &#8211; Organiza\u00e7\u00e3o de Eventos por estudantes da UFPel<\/b><\/p>\n<p>&nbsp;<\/p>\n<table style=\"width: 643px\" border=\"0\" cellspacing=\"0\" cellpadding=\"0\">\n<tbody>\n<tr>\n<td valign=\"top\" width=\"214\">EVENTO<\/td>\n<td valign=\"top\" width=\"214\">CURSO<\/td>\n<td valign=\"top\" width=\"214\">Respons\u00e1vel<\/td>\n<\/tr>\n<tr>\n<td valign=\"top\" width=\"214\">Semana acad\u00eamica do Bacharel em Antropologia (2014)<\/td>\n<td valign=\"top\" width=\"214\">Antropologia<\/td>\n<td valign=\"top\" width=\"214\">Luiza Xavier Bartz<\/td>\n<\/tr>\n<tr>\n<td valign=\"top\" width=\"214\">F\u00f3rum de Alternativas e Inova\u00e7\u00f5es tecnol\u00f3gicas (FAIT)<\/td>\n<td valign=\"top\" width=\"214\">Engenharia Agr\u00edcola<\/td>\n<td valign=\"top\" width=\"214\">Eduardo da Silva Castro<\/td>\n<\/tr>\n<\/tbody>\n<\/table>\n<p>&nbsp;<\/p>\n<p>&nbsp;<\/p>\n<p><b>2. SOLICITA\u00c7\u00d5ES INDEFERIDAS <\/b><\/p>\n<p><b>\u00a0\u00a0\u00a0\u00a0\u00a0\u00a0\u00a0\u00a0\u00a0\u00a0\u00a0 <\/b><\/p>\n<p><b>2.1. Participa\u00e7\u00e3o Individual em eventos<\/b><\/p>\n<p>&nbsp;<\/p>\n<table style=\"width: 643px\" border=\"0\" cellspacing=\"0\" cellpadding=\"0\">\n<tbody>\n<tr>\n<td valign=\"top\" width=\"214\">EVENTO<\/td>\n<td valign=\"top\" width=\"214\">CURSO<\/td>\n<td valign=\"top\" width=\"214\">RESPONS\u00c1VEL<\/td>\n<\/tr>\n<tr>\n<td valign=\"top\" width=\"214\">Conselho Nacional de Entidades Estudantis de Arquitetura e Urbanismo &#8211; CONEA<\/td>\n<td valign=\"top\" width=\"214\">Arquitetura<\/td>\n<td valign=\"top\" width=\"214\">Rafael Einhardtn Fiss<\/td>\n<\/tr>\n<tr>\n<td valign=\"top\" width=\"214\">\n<p>5\u00ba ISCAR<\/p>\n<p>&nbsp;<\/td>\n<td valign=\"top\" width=\"214\">\n<p>Doutorado em Educa\u00e7\u00e3o<\/p>\n<p>&nbsp;<\/td>\n<td valign=\"top\" width=\"214\">\n<p>Adriane Cenci<\/p>\n<p>&nbsp;<\/td>\n<\/tr>\n<\/tbody>\n<\/table>\n<p>&nbsp;<\/p>\n<p>&nbsp;<\/p>\n<p><b>2.2. \u00a0Participa\u00e7\u00e3o Coletiva em eventos<\/b><\/p>\n<p>&nbsp;<\/p>\n<table style=\"width: 643px\" border=\"0\" cellspacing=\"0\" cellpadding=\"0\">\n<tbody>\n<tr>\n<td valign=\"top\" width=\"214\">Evento<\/td>\n<td valign=\"top\" width=\"214\">Curso<\/td>\n<td valign=\"top\" width=\"214\">Respons\u00e1vel<\/td>\n<\/tr>\n<tr>\n<td valign=\"top\" width=\"214\">\n<p>EXPROAGRO<\/p>\n<p>&nbsp;<\/td>\n<td valign=\"top\" width=\"214\">\n<p>Engenharia Agr\u00edcola<\/p>\n<p>&nbsp;<\/td>\n<td valign=\"top\" width=\"214\">\n<p>Philippe Braga Moraes<\/p>\n<p>&nbsp;<\/td>\n<\/tr>\n<\/tbody>\n<\/table>\n<p>&nbsp;<\/p>\n<p><b>2.3. \u00a0Organiza\u00e7\u00e3o de Eventos por estudantes da UFPel<\/b><\/p>\n<p><b>\u00a0<\/b><\/p>\n<table style=\"width: 643px\" border=\"0\" cellspacing=\"0\" cellpadding=\"0\">\n<tbody>\n<tr>\n<td valign=\"top\" width=\"214\">EVENTO<\/td>\n<td valign=\"top\" width=\"214\">CURSO<\/td>\n<td valign=\"top\" width=\"214\">RESPONS\u00c1VEL<\/td>\n<\/tr>\n<tr>\n<td valign=\"top\" width=\"214\">\n<p>V Semana Acad\u00eamica do Curso de Eng. De Produ\u00e7\u00e3o<\/p>\n<p>&nbsp;<\/td>\n<td valign=\"top\" width=\"214\">\n<p>Eng. Produ\u00e7\u00e3o<\/p>\n<p>&nbsp;<\/td>\n<td valign=\"top\" width=\"214\">\n<p>Caroline Vergara Rodrigues<\/p>\n<p>&nbsp;<\/td>\n<\/tr>\n<\/tbody>\n<\/table>\n<p>&nbsp;<\/p>\n<p>&nbsp;<\/p>\n<p><b>VALORES DESTINADOS AO EDITAL N\u00ba 001\/2014 &#8211; RECURSO. <\/b><\/p>\n<p>&nbsp;<\/p>\n<table style=\"width: 643px\" border=\"0\" cellspacing=\"0\" cellpadding=\"0\">\n<tbody>\n<tr>\n<td valign=\"top\" width=\"321\">Valor total destinado para este Edital<\/td>\n<td valign=\"top\" width=\"321\">R$ 19.901,45<\/td>\n<\/tr>\n<tr>\n<td valign=\"top\" width=\"321\">Valor Total Utilizado<\/td>\n<td valign=\"top\" width=\"321\">R$ 9768,48<\/td>\n<\/tr>\n<tr>\n<td valign=\"top\" width=\"321\">Valor Total N\u00e3o Utilizado*<\/td>\n<td valign=\"top\" width=\"321\">R$ 10132,97<\/td>\n<\/tr>\n<\/tbody>\n<\/table>\n<p>&nbsp;<\/p>\n<p>* O recurso n\u00e3o utilizado ser\u00e1 usado para atender requerimentos indeferidos que por ventura tenham seu resultado alterado em fase recursal, e seu eventual saldo ser\u00e1 somado a realiza\u00e7\u00e3o de edital futuro.<\/p>\n<p>&nbsp;<\/p>\n<p>&nbsp;<\/p>\n<p>*Os candidatos que obtiveram suas solicita\u00e7\u00f5es deferidas dever\u00e3o entrar em contato com a PRAE para obterem informa\u00e7\u00f5es sobre a totalidade ou parcialidade do resultado de seu requerimento.<\/p>\n<p>&nbsp;<\/p>\n<p>*Os candidatos que tiveram sua solicita\u00e7\u00e3o indeferida total ou parcialmente podem entrar em contato com a PRAE para obterem informa\u00e7\u00f5es do indeferimento.<\/p>\n<p>&nbsp;<\/p>\n<p>&nbsp;<\/p>\n<p align=\"center\">Pelotas, 18 de Mar\u00e7o de 2014.<\/p>\n<p align=\"center\">\n<p align=\"center\">\n<p align=\"center\">\n<p align=\"center\">\n<p align=\"center\">\n<p align=\"center\">___________________________________<\/p>\n<p align=\"center\">\n<p align=\"center\">Mauro Augusto Burkert Del Pino<\/p>\n<p>\u00a0\u00a0\u00a0\u00a0\u00a0\u00a0\u00a0\u00a0\u00a0\u00a0\u00a0\u00a0\u00a0\u00a0\u00a0\u00a0\u00a0\u00a0\u00a0\u00a0\u00a0\u00a0\u00a0\u00a0\u00a0\u00a0\u00a0\u00a0\u00a0\u00a0\u00a0\u00a0\u00a0\u00a0\u00a0\u00a0\u00a0\u00a0\u00a0\u00a0\u00a0\u00a0\u00a0\u00a0\u00a0\u00a0\u00a0\u00a0\u00a0\u00a0\u00a0\u00a0\u00a0\u00a0\u00a0\u00a0\u00a0\u00a0\u00a0\u00a0 Reitor<\/p>\n<p align=\"center\">\n<p align=\"center\">\n<p align=\"center\">\n<p align=\"center\">\n<p>\u00a0 \u00a0 \u00a0 \u00a0 \u00a0 \u00a0 \u00a0 \u00a0 \u00a0 \u00a0 \u00a0 \u00a0 \u00a0 \u00a0 \u00a0 \u00a0 \u00a0 \u00a0 \u00a0 \u00a0 \u00a0 \u00a0 \u00a0 \u00a0 \u00a0___________________________________<\/p>\n<p>&nbsp;<\/p>\n<p align=\"center\">Ediane Sievers Acunha<\/p>\n<p align=\"center\">\u00a0 Pr\u00f3-Reitora de Assuntos Estudantis<\/p>\n<p align=\"center\">\n<p>&nbsp;<\/p>\n<p>____________________________________<\/p>\n<p>&nbsp;<\/p>\n<p>Sandro L. Nunes da Cunha<\/p>\n<p>Coordenador de Pol\u00edticas Estudantis<\/p>\n<p>&nbsp;<\/p>\n<p align=\"center\">\n<p>\u00a0 \u00a0 \u00a0 \u00a0 \u00a0 \u00a0 \u00a0 \u00a0 \u00a0 \u00a0 \u00a0 \u00a0 \u00a0 \u00a0 \u00a0 \u00a0 \u00a0 \u00a0 \u00a0 \u00a0 \u00a0 \u00a0 \u00a0 ____________________________________<\/p>\n<p>&nbsp;<\/p>\n<p align=\"center\">Maicon Moraes Santiago<\/p>\n<p align=\"center\">\u00a0Curso de Eng. Ambiental e Sanit\u00e1ria<\/p>\n<p align=\"center\">Vice &#8211; Presidente da Comiss\u00e3o Discente<\/p>\n<p align=\"center\">\n<p>&nbsp;<\/p>\n","protected":false},"excerpt":{"rendered":"<p>RESULTADO DO EDITAL GR\/UFPEL N\u00b0001\/2014 para concess\u00e3o de aux\u00edlio \u00e0 participa\u00e7\u00e3o de discentes em eventos acad\u00eamicos, cient\u00edficos, tecnol\u00f3gicos, culturais e pol\u00edticos. &nbsp; A Pr\u00f3-Reitoria de Assuntos Estudantis, atrav\u00e9s da comiss\u00e3o de avalia\u00e7\u00e3o para concess\u00e3o de aux\u00edlio \u00e0 participa\u00e7\u00e3o de discentes em eventos. &nbsp; 1. SOLICITA\u00c7\u00d5ES DEFERIDAS &nbsp; 1.1. Contemplados total ou parcialmente &nbsp; \u00a01.1.1 &#8211; &hellip; <\/p>\n<p class=\"link-more\"><a href=\"https:\/\/wp.ufpel.edu.br\/prae\/2014\/03\/20\/resultado-do-edital-de-auxilio-eventos\/\" class=\"more-link\">Continue lendo<span class=\"screen-reader-text\"> &#8220;RESULTADO DO EDITAL DE AUX\u00cdLIO EVENTOS&#8221;<\/span><\/a><\/p>\n","protected":false},"author":229,"featured_media":0,"comment_status":"closed","ping_status":"closed","sticky":false,"template":"","format":"standard","meta":{"footnotes":""},"categories":[76151,1],"tags":[],"class_list":["post-2136","post","type-post","status-publish","format-standard","hentry","category-editais-2014","category-noticias"],"jetpack_featured_media_url":"","_links":{"self":[{"href":"https:\/\/wp.ufpel.edu.br\/prae\/wp-json\/wp\/v2\/posts\/2136","targetHints":{"allow":["GET"]}}],"collection":[{"href":"https:\/\/wp.ufpel.edu.br\/prae\/wp-json\/wp\/v2\/posts"}],"about":[{"href":"https:\/\/wp.ufpel.edu.br\/prae\/wp-json\/wp\/v2\/types\/post"}],"author":[{"embeddable":true,"href":"https:\/\/wp.ufpel.edu.br\/prae\/wp-json\/wp\/v2\/users\/229"}],"replies":[{"embeddable":true,"href":"https:\/\/wp.ufpel.edu.br\/prae\/wp-json\/wp\/v2\/comments?post=2136"}],"version-history":[{"count":3,"href":"https:\/\/wp.ufpel.edu.br\/prae\/wp-json\/wp\/v2\/posts\/2136\/revisions"}],"predecessor-version":[{"id":5688,"href":"https:\/\/wp.ufpel.edu.br\/prae\/wp-json\/wp\/v2\/posts\/2136\/revisions\/5688"}],"wp:attachment":[{"href":"https:\/\/wp.ufpel.edu.br\/prae\/wp-json\/wp\/v2\/media?parent=2136"}],"wp:term":[{"taxonomy":"category","embeddable":true,"href":"https:\/\/wp.ufpel.edu.br\/prae\/wp-json\/wp\/v2\/categories?post=2136"},{"taxonomy":"post_tag","embeddable":true,"href":"https:\/\/wp.ufpel.edu.br\/prae\/wp-json\/wp\/v2\/tags?post=2136"}],"curies":[{"name":"wp","href":"https:\/\/api.w.org\/{rel}","templated":true}]}}