{"id":2114,"date":"2014-03-17T16:29:12","date_gmt":"2014-03-17T19:29:12","guid":{"rendered":"https:\/\/wp.ufpel.edu.br\/prae\/?p=2114"},"modified":"2014-05-20T15:09:14","modified_gmt":"2014-05-20T18:09:14","slug":"edital-072014-inscricao-para-os-programas-de-assistencia-estudantil","status":"publish","type":"post","link":"https:\/\/wp.ufpel.edu.br\/prae\/2014\/03\/17\/edital-072014-inscricao-para-os-programas-de-assistencia-estudantil\/","title":{"rendered":"EDITAL 07\/2014 &#8211;  Inscri\u00e7\u00e3o Para os Programas de Assist\u00eancia Estudantil"},"content":{"rendered":"<p>A Pr\u00f3-Reitoria de Assuntos Estudantis (PRAE), atrav\u00e9s da Coordena\u00e7\u00e3o de Integra\u00e7\u00e3o Estudantil (CIE), torna p\u00fablico o processo de inscri\u00e7\u00e3o para os Programas de Assist\u00eancia Estudantil\u00a0 2014\/1.<\/p>\n<p><a href=\"https:\/\/wp.ufpel.edu.br\/prae\/files\/2014\/03\/Edital-07-2014-inscri\u00e7\u00e3o-2014-1-corrigido1.pdf\">Edital 07-2014 inscri\u00e7\u00e3o 2014-1 corrigido<\/a><\/p>\n<p><a href=\"https:\/\/wp.ufpel.edu.br\/prae\/files\/2014\/03\/Anexo-I-declaracao-trabalho-autonomo.pdf\">Anexo-I &#8211;\u00a0Declaracao trabalho autonomo<\/a><\/p>\n<p><a href=\"https:\/\/wp.ufpel.edu.br\/prae\/files\/2014\/03\/Anexo-II-declaracao-divisao-aluguel.pdf\">Anexo II &#8211;\u00a0Declaracao divisao aluguel<\/a><\/p>\n<p><a href=\"https:\/\/wp.ufpel.edu.br\/prae\/files\/2014\/03\/Anexo-III-declaracao-cedencia-de-imovel.pdf\">Anexo III &#8211;\u00a0Declaracao cedencia de imovel<\/a><\/p>\n<p><a href=\"https:\/\/wp.ufpel.edu.br\/prae\/files\/2014\/03\/Anexo-IV-declaracao-cedencia-de-hospedagem.pdf\">Anexo IV\u00a0&#8211; Declaracao cedencia de hospedagem<\/a><\/p>\n<p><a href=\"https:\/\/wp.ufpel.edu.br\/prae\/files\/2014\/03\/ANEXO-V-declaracao-produtor-rural.pdf\">ANEXO V &#8211;\u00a0Declaracao produtor rural<\/a><\/p>\n<p><a href=\"https:\/\/wp.ufpel.edu.br\/prae\/files\/2014\/03\/ANEXO-VI-declaracao-n\u00e3o-possuir-gradua\u00e7\u00e3o.pdf\">ANEXO VI &#8211;\u00a0Declaracao n\u00e3o possuir gradua\u00e7\u00e3o<\/a><\/p>\n","protected":false},"excerpt":{"rendered":"<p>A Pr\u00f3-Reitoria de Assuntos Estudantis (PRAE), atrav\u00e9s da Coordena\u00e7\u00e3o de Integra\u00e7\u00e3o Estudantil (CIE), torna p\u00fablico o processo de inscri\u00e7\u00e3o para os Programas de Assist\u00eancia Estudantil\u00a0 2014\/1. Edital 07-2014 inscri\u00e7\u00e3o 2014-1 corrigido Anexo-I &#8211;\u00a0Declaracao trabalho autonomo Anexo II &#8211;\u00a0Declaracao divisao aluguel Anexo III &#8211;\u00a0Declaracao cedencia de imovel Anexo IV\u00a0&#8211; Declaracao cedencia de hospedagem ANEXO V &#8211;\u00a0Declaracao &hellip; <\/p>\n<p class=\"link-more\"><a href=\"https:\/\/wp.ufpel.edu.br\/prae\/2014\/03\/17\/edital-072014-inscricao-para-os-programas-de-assistencia-estudantil\/\" class=\"more-link\">Continue lendo<span class=\"screen-reader-text\"> &#8220;EDITAL 07\/2014 &#8211;  Inscri\u00e7\u00e3o Para os Programas de Assist\u00eancia Estudantil&#8221;<\/span><\/a><\/p>\n","protected":false},"author":229,"featured_media":0,"comment_status":"closed","ping_status":"closed","sticky":false,"template":"","format":"standard","meta":{"footnotes":""},"categories":[38885],"tags":[],"class_list":["post-2114","post","type-post","status-publish","format-standard","hentry","category-editais"],"jetpack_featured_media_url":"","_links":{"self":[{"href":"https:\/\/wp.ufpel.edu.br\/prae\/wp-json\/wp\/v2\/posts\/2114","targetHints":{"allow":["GET"]}}],"collection":[{"href":"https:\/\/wp.ufpel.edu.br\/prae\/wp-json\/wp\/v2\/posts"}],"about":[{"href":"https:\/\/wp.ufpel.edu.br\/prae\/wp-json\/wp\/v2\/types\/post"}],"author":[{"embeddable":true,"href":"https:\/\/wp.ufpel.edu.br\/prae\/wp-json\/wp\/v2\/users\/229"}],"replies":[{"embeddable":true,"href":"https:\/\/wp.ufpel.edu.br\/prae\/wp-json\/wp\/v2\/comments?post=2114"}],"version-history":[{"count":5,"href":"https:\/\/wp.ufpel.edu.br\/prae\/wp-json\/wp\/v2\/posts\/2114\/revisions"}],"predecessor-version":[{"id":2623,"href":"https:\/\/wp.ufpel.edu.br\/prae\/wp-json\/wp\/v2\/posts\/2114\/revisions\/2623"}],"wp:attachment":[{"href":"https:\/\/wp.ufpel.edu.br\/prae\/wp-json\/wp\/v2\/media?parent=2114"}],"wp:term":[{"taxonomy":"category","embeddable":true,"href":"https:\/\/wp.ufpel.edu.br\/prae\/wp-json\/wp\/v2\/categories?post=2114"},{"taxonomy":"post_tag","embeddable":true,"href":"https:\/\/wp.ufpel.edu.br\/prae\/wp-json\/wp\/v2\/tags?post=2114"}],"curies":[{"name":"wp","href":"https:\/\/api.w.org\/{rel}","templated":true}]}}