{"id":2110,"date":"2014-03-17T12:06:23","date_gmt":"2014-03-17T15:06:23","guid":{"rendered":"https:\/\/wp.ufpel.edu.br\/prae\/?p=2110"},"modified":"2014-05-16T17:20:16","modified_gmt":"2014-05-16T20:20:16","slug":"atencao-comprovacao-do-programa-auxilio-moradia-ate-280314","status":"publish","type":"post","link":"https:\/\/wp.ufpel.edu.br\/prae\/2014\/03\/17\/atencao-comprovacao-do-programa-auxilio-moradia-ate-280314\/","title":{"rendered":"ATEN\u00c7\u00c3O: COMPROVA\u00c7\u00c3O  DO PROGRAMA AUX\u00cdLIO MORADIA AT\u00c9 28\/03\/14"},"content":{"rendered":"<p><!-- [if gte mso 9]&gt;--><\/p>\n<p>&nbsp;<\/p>\n<p><strong>Todos os alunos que integram o Programa Aux\u00edlio Moradia dever\u00e3o comprovar a utiliza\u00e7\u00e3o do benef\u00edcio at\u00e9 dez (10) dias ap\u00f3s o in\u00edcio do semestre letivo 2014\/1,\u00a0conforme previsto na normatiza\u00e7\u00e3o do Programa.<\/strong><\/p>\n<p>Orienta\u00e7\u00f5es para a entrega dos documentos:<\/p>\n<p>1-\u00a0\u00a0\u00a0<span style=\"text-decoration: underline\">\u00a0<strong>Se o aluno for o Locat\u00e1rio do im\u00f3vel<\/strong><\/span> ( quem aluga ):<\/p>\n<p>1.1-\u00a0\u00a0\u00a0\u00a0\u00a0\u00a0 C\u00f3pia do Contrato de Loca\u00e7\u00e3o (p\u00e1gina inicial de identifica\u00e7\u00e3o e p\u00e1gina com as assinaturas-locat\u00e1rio, locador e fiador(es);<\/p>\n<p>1.2-\u00a0\u00a0\u00a0\u00a0\u00a0\u00a0 C\u00f3pia do recibo de pagamento atual do aluguel;<\/p>\n<p>1.3-\u00a0\u00a0\u00a0\u00a0\u00a0\u00a0 C\u00f3pia do comprovante de resid\u00eancia atualizado, podendo ser: conta de luz, telefone, TV a cabo, internet ( em nome do Locat\u00e1rio).<\/p>\n<p>1.4-\u00a0\u00a0\u00a0\u00a0\u00a0\u00a0 Declara\u00e7\u00e3o de divis\u00e3o de aluguel, emitida pelo locat\u00e1rio, com assinatura e c\u00f3pia de carteira de identidade de todos os residentes no im\u00f3vel.<\/p>\n<p>2-\u00a0\u00a0\u00a0\u00a0<strong><span style=\"text-decoration: underline\">Se o aluno n\u00e3o for o Locat\u00e1rio do im\u00f3vel<\/span> ( quem aluga ):<\/strong><\/p>\n<p>2.1 &#8211;\u00a0\u00a0\u00a0 C\u00f3pia do Contrato de Loca\u00e7\u00e3o (p\u00e1gina inicial de identifica\u00e7\u00e3o e p\u00e1gina com as assinaturas-locat\u00e1rio, locador e fiador(es);<\/p>\n<p>2.2 &#8211;\u00a0\u00a0\u00a0 C\u00f3pia da Carteira de Identidade do Locat\u00e1rio;<\/p>\n<p>2.3 &#8211;\u00a0\u00a0\u00a0 Declara\u00e7\u00e3o de divis\u00e3o de aluguel, emitida pelo Locat\u00e1rio, com assinatura e c\u00f3pia da carteira de identidade de todos os residentes no im\u00f3vel;<\/p>\n<p>2.4 &#8211;\u00a0\u00a0\u00a0 C\u00f3pia do recibo de pagamento atual do aluguel;<\/p>\n<p>2.5 &#8211;\u00a0\u00a0\u00a0 C\u00f3pia do comprovante de resid\u00eancia atualizado, podendo ser: conta de luz, telefone, TV a cabo, internet ( em nome do Locat\u00e1rio).<\/p>\n<p>3-\u00a0\u00a0\u00a0\u00a0<strong><span style=\"text-decoration: underline\">Se o aluno residir em Pensionato<\/span>:<\/strong><\/p>\n<p>3.1-\u00a0\u00a0\u00a0\u00a0\u00a0\u00a0 Declara\u00e7\u00e3o do(a)\u00a0 Propriet\u00e1rio(a) do Pensionato, com assinatura e c\u00f3pia da carteira de identidade do mesmo;<\/p>\n<p>3.2-\u00a0\u00a0\u00a0\u00a0\u00a0\u00a0 C\u00f3pia do recibo de pagamento atual do aluguel do Pensionato;<\/p>\n<p>3.3-\u00a0\u00a0\u00a0\u00a0\u00a0\u00a0 Comprovante de resid\u00eancia do pensionato.<\/p>\n<p>4-\u00a0\u00a0\u00a0\u00a0<strong><span style=\"text-decoration: underline\">Se o aluno locar um espa\u00e7o em resid\u00eancia de Particular<\/span>:<\/strong><\/p>\n<p>4.1-\u00a0\u00a0\u00a0\u00a0\u00a0\u00a0 Declara\u00e7\u00e3o do(a)\u00a0 Propriet\u00e1rio(a) da Resid\u00eancia, com assinatura e c\u00f3pia da carteira de identidade do mesmo ou C\u00f3pia do Contrato de Loca\u00e7\u00e3o ;<\/p>\n<p>4.2-\u00a0\u00a0\u00a0\u00a0\u00a0\u00a0 C\u00f3pia do recibo de pagamento atual do aluguel;<\/p>\n<p>4.3-\u00a0\u00a0\u00a0\u00a0\u00a0\u00a0 C\u00f3pia do comprovante de resid\u00eancia atualizado, podendo ser: conta de luz, telefone, TV a cabo, internet ( em nome do propriet\u00e1rio da resid\u00eancia, o mesmo da declara\u00e7\u00e3o ).<\/p>\n<p><strong>OBS: Para fins de comprova\u00e7\u00e3o do Programa, s\u00f3 ser\u00e1 protocolado o recebimento da documenta\u00e7\u00e3o se ela estiver completa.<\/strong><\/p>\n<p><a href=\"https:\/\/wp.ufpel.edu.br\/prae\/files\/2014\/03\/Anexo-II-declaracao-divisao-aluguel-1.pdf\">Anexo II &#8211;\u00a0Declaracao divisao aluguel<\/a><\/p>\n","protected":false},"excerpt":{"rendered":"<p>&nbsp; Todos os alunos que integram o Programa Aux\u00edlio Moradia dever\u00e3o comprovar a utiliza\u00e7\u00e3o do benef\u00edcio at\u00e9 dez (10) dias ap\u00f3s o in\u00edcio do semestre letivo 2014\/1,\u00a0conforme previsto na normatiza\u00e7\u00e3o do Programa. Orienta\u00e7\u00f5es para a entrega dos documentos: 1-\u00a0\u00a0\u00a0\u00a0Se o aluno for o Locat\u00e1rio do im\u00f3vel ( quem aluga ): 1.1-\u00a0\u00a0\u00a0\u00a0\u00a0\u00a0 C\u00f3pia do Contrato de &hellip; <\/p>\n<p class=\"link-more\"><a href=\"https:\/\/wp.ufpel.edu.br\/prae\/2014\/03\/17\/atencao-comprovacao-do-programa-auxilio-moradia-ate-280314\/\" class=\"more-link\">Continue lendo<span class=\"screen-reader-text\"> &#8220;ATEN\u00c7\u00c3O: COMPROVA\u00c7\u00c3O  DO PROGRAMA AUX\u00cdLIO MORADIA AT\u00c9 28\/03\/14&#8221;<\/span><\/a><\/p>\n","protected":false},"author":229,"featured_media":0,"comment_status":"closed","ping_status":"closed","sticky":false,"template":"","format":"standard","meta":{"footnotes":""},"categories":[1],"tags":[],"class_list":["post-2110","post","type-post","status-publish","format-standard","hentry","category-noticias"],"jetpack_featured_media_url":"","_links":{"self":[{"href":"https:\/\/wp.ufpel.edu.br\/prae\/wp-json\/wp\/v2\/posts\/2110","targetHints":{"allow":["GET"]}}],"collection":[{"href":"https:\/\/wp.ufpel.edu.br\/prae\/wp-json\/wp\/v2\/posts"}],"about":[{"href":"https:\/\/wp.ufpel.edu.br\/prae\/wp-json\/wp\/v2\/types\/post"}],"author":[{"embeddable":true,"href":"https:\/\/wp.ufpel.edu.br\/prae\/wp-json\/wp\/v2\/users\/229"}],"replies":[{"embeddable":true,"href":"https:\/\/wp.ufpel.edu.br\/prae\/wp-json\/wp\/v2\/comments?post=2110"}],"version-history":[{"count":3,"href":"https:\/\/wp.ufpel.edu.br\/prae\/wp-json\/wp\/v2\/posts\/2110\/revisions"}],"predecessor-version":[{"id":2625,"href":"https:\/\/wp.ufpel.edu.br\/prae\/wp-json\/wp\/v2\/posts\/2110\/revisions\/2625"}],"wp:attachment":[{"href":"https:\/\/wp.ufpel.edu.br\/prae\/wp-json\/wp\/v2\/media?parent=2110"}],"wp:term":[{"taxonomy":"category","embeddable":true,"href":"https:\/\/wp.ufpel.edu.br\/prae\/wp-json\/wp\/v2\/categories?post=2110"},{"taxonomy":"post_tag","embeddable":true,"href":"https:\/\/wp.ufpel.edu.br\/prae\/wp-json\/wp\/v2\/tags?post=2110"}],"curies":[{"name":"wp","href":"https:\/\/api.w.org\/{rel}","templated":true}]}}